{"id":23274,"date":"2020-10-13T10:07:09","date_gmt":"2020-10-13T10:07:09","guid":{"rendered":"https:\/\/gazetaregionalna.com\/?p=23274"},"modified":"2020-10-13T10:07:12","modified_gmt":"2020-10-13T10:07:12","slug":"generatory-ozonu","status":"publish","type":"post","link":"https:\/\/gazetaregionalna.com\/?p=23274","title":{"rendered":"Szko\u0142y \u015brednie w powiecie k\u0142obuckim otrzyma\u0142y generatory ozonu"},"content":{"rendered":"\n<h2 class=\"wp-block-heading\">Starostwo Powiatowe w K\u0142obucku zakupi\u0142o\ngeneratory ozonu dla szk\u00f3\u0142 \u015brednich.<\/h2>\n\n\n\n<p>W zwi\u0105zku z du\u017cym wzrostem zaka\u017ce\u0144\nwirusem SARS &#8211; COVID-19 w ca\u0142ym kraju, Starostwo Powiatowe w K\u0142obucku zakupi\u0142o generatory\nozonu dla 4 szk\u00f3\u0142 ponadpodstawowych. <\/p>\n\n\n\n<p>Urz\u0105dzenia trafi\u0142y do <strong>Zespo\u0142u Szk\u00f3\u0142 nr 1, nr 2, nr 3 w K\u0142obucku oraz Zespo\u0142u Szk\u00f3\u0142 w Krzepicach<\/strong>. Ich celem jest zapewnienie bezpiecze\u0144stwa i zabezpieczenie uczni\u00f3w, nauczycieli i pracownik\u00f3w szk\u00f3\u0142 przed zaka\u017ceniem wirusem SARS COVID-19.<\/p>\n\n\n\n<p>Urz\u0105dzenia te maj\u0105 w\u0142a\u015bciwo\u015bci bakteriob\u00f3jcze i antyseptyczne oraz\u00a0 s\u0142u\u017c\u0105 do odka\u017cania pomieszcze\u0144.<\/p>\n\n\n\n<figure class=\"wp-block-image size-large\"><img decoding=\"async\" width=\"1024\" height=\"768\" data-src=\"https:\/\/gazetaregionalna.com\/wp-content\/uploads\/2020\/10\/generatory-ozonu-1.jpg\" alt=\"\" class=\"wp-image-23276 lazyload\" data-srcset=\"https:\/\/gazetaregionalna.com\/wp-content\/uploads\/2020\/10\/generatory-ozonu-1.jpg 1024w, https:\/\/gazetaregionalna.com\/wp-content\/uploads\/2020\/10\/generatory-ozonu-1-300x225.jpg 300w, https:\/\/gazetaregionalna.com\/wp-content\/uploads\/2020\/10\/generatory-ozonu-1-768x576.jpg 768w, https:\/\/gazetaregionalna.com\/wp-content\/uploads\/2020\/10\/generatory-ozonu-1-80x60.jpg 80w, https:\/\/gazetaregionalna.com\/wp-content\/uploads\/2020\/10\/generatory-ozonu-1-265x198.jpg 265w, https:\/\/gazetaregionalna.com\/wp-content\/uploads\/2020\/10\/generatory-ozonu-1-696x522.jpg 696w, https:\/\/gazetaregionalna.com\/wp-content\/uploads\/2020\/10\/generatory-ozonu-1-560x420.jpg 560w\" data-sizes=\"(max-width: 1024px) 100vw, 1024px\" src=\"data:image\/svg+xml;base64,PHN2ZyB3aWR0aD0iMSIgaGVpZ2h0PSIxIiB4bWxucz0iaHR0cDovL3d3dy53My5vcmcvMjAwMC9zdmciPjwvc3ZnPg==\" style=\"--smush-placeholder-width: 1024px; --smush-placeholder-aspect-ratio: 1024\/768;\" \/><figcaption>Fot: Powiat K\u0142obucki<\/figcaption><\/figure>\n","protected":false},"excerpt":{"rendered":"<p>Starostwo Powiatowe w K\u0142obucku zakupi\u0142o generatory ozonu dla szk\u00f3\u0142 \u015brednich. W zwi\u0105zku z du\u017cym wzrostem zaka\u017ce\u0144 wirusem SARS &#8211; COVID-19 w ca\u0142ym kraju, Starostwo<\/p>\n","protected":false},"author":12,"featured_media":23277,"comment_status":"open","ping_status":"open","sticky":false,"template":"","format":"standard","meta":{"_monsterinsights_skip_tracking":false,"_monsterinsights_sitenote_active":false,"_monsterinsights_sitenote_note":"","_monsterinsights_sitenote_category":0,"_uf_show_specific_survey":0,"_uf_disable_surveys":false,"footnotes":""},"categories":[94,27,4,2,37],"tags":[],"class_list":["post-23274","post","type-post","status-publish","format-standard","has-post-thumbnail","hentry","category-polecane","category-klobuck-informacje","category-region","category-wiadomosci","category-zdrowie"],"_links":{"self":[{"href":"https:\/\/gazetaregionalna.com\/index.php?rest_route=\/wp\/v2\/posts\/23274","targetHints":{"allow":["GET"]}}],"collection":[{"href":"https:\/\/gazetaregionalna.com\/index.php?rest_route=\/wp\/v2\/posts"}],"about":[{"href":"https:\/\/gazetaregionalna.com\/index.php?rest_route=\/wp\/v2\/types\/post"}],"author":[{"embeddable":true,"href":"https:\/\/gazetaregionalna.com\/index.php?rest_route=\/wp\/v2\/users\/12"}],"replies":[{"embeddable":true,"href":"https:\/\/gazetaregionalna.com\/index.php?rest_route=%2Fwp%2Fv2%2Fcomments&post=23274"}],"version-history":[{"count":2,"href":"https:\/\/gazetaregionalna.com\/index.php?rest_route=\/wp\/v2\/posts\/23274\/revisions"}],"predecessor-version":[{"id":23278,"href":"https:\/\/gazetaregionalna.com\/index.php?rest_route=\/wp\/v2\/posts\/23274\/revisions\/23278"}],"wp:featuredmedia":[{"embeddable":true,"href":"https:\/\/gazetaregionalna.com\/index.php?rest_route=\/wp\/v2\/media\/23277"}],"wp:attachment":[{"href":"https:\/\/gazetaregionalna.com\/index.php?rest_route=%2Fwp%2Fv2%2Fmedia&parent=23274"}],"wp:term":[{"taxonomy":"category","embeddable":true,"href":"https:\/\/gazetaregionalna.com\/index.php?rest_route=%2Fwp%2Fv2%2Fcategories&post=23274"},{"taxonomy":"post_tag","embeddable":true,"href":"https:\/\/gazetaregionalna.com\/index.php?rest_route=%2Fwp%2Fv2%2Ftags&post=23274"}],"curies":[{"name":"wp","href":"https:\/\/api.w.org\/{rel}","templated":true}]}}