{"id":23254,"date":"2020-10-13T07:29:43","date_gmt":"2020-10-13T07:29:43","guid":{"rendered":"https:\/\/gazetaregionalna.com\/?p=23254"},"modified":"2020-10-13T07:29:45","modified_gmt":"2020-10-13T07:29:45","slug":"warsztaty-umiejetnosci-wychowawczych","status":"publish","type":"post","link":"https:\/\/gazetaregionalna.com\/?p=23254","title":{"rendered":"W Blachowni odby\u0142y si\u0119 Warsztaty Umiej\u0119tno\u015bci Wychowawczych"},"content":{"rendered":"\n<h2 class=\"wp-block-heading\">25 wrze\u015bnia 2020 roku w \u015awietlicy Gminnego Klubu \u015arodowiskowego \u201eFabryka Umiej\u0119tno\u015bci\u201d w Blachowni odby\u0142y si\u0119 <strong>Warsztaty Umiej\u0119tno\u015bci Wychowawczych<\/strong>.<\/h2>\n\n\n\n<p>Warsztaty pod tytu\u0142em &nbsp;<strong>\u201eJak\nbudowa\u0107 dobr\u0105 relacj\u0119 z dzieckiem? Co to znaczy dobry rodzic? Rozpoznawanie i odpowiadanie\nna potrzeby dziecka\u201d <\/strong>zorganizowane zosta\u0142y przez Zesp\u00f3\u0142 Interdyscyplinarny ds. Przeciwdzia\u0142ania\nPrzemocy w Rodzinie, dzia\u0142aj\u0105cy przy Miejskim O\u015brodku Pomocy Spo\u0142ecznej w\nBlachowni. <\/p>\n\n\n\n<p>W zaj\u0119ciach, kt\u00f3re poprowadzi\u0142a pedagog, psychoterapeuta <strong>Karolina Borecka<\/strong> wzi\u0119\u0142o udzia\u0142 dziewi\u0119ciu mieszka\u0144c\u00f3w gminy.<\/p>\n","protected":false},"excerpt":{"rendered":"<p>25 wrze\u015bnia 2020 roku w \u015awietlicy Gminnego Klubu \u015arodowiskowego \u201eFabryka Umiej\u0119tno\u015bci\u201d w Blachowni odby\u0142y si\u0119 Warsztaty Umiej\u0119tno\u015bci Wychowawczych. Warsztaty pod tytu\u0142em &nbsp;\u201eJak budowa\u0107 dobr\u0105<\/p>\n","protected":false},"author":12,"featured_media":23256,"comment_status":"open","ping_status":"open","sticky":false,"template":"","format":"standard","meta":{"_monsterinsights_skip_tracking":false,"_monsterinsights_sitenote_active":false,"_monsterinsights_sitenote_note":"","_monsterinsights_sitenote_category":0,"_uf_show_specific_survey":0,"_uf_disable_surveys":false,"footnotes":""},"categories":[41,94,4,2],"tags":[],"class_list":["post-23254","post","type-post","status-publish","format-standard","has-post-thumbnail","hentry","category-edukacja","category-polecane","category-region","category-wiadomosci"],"_links":{"self":[{"href":"https:\/\/gazetaregionalna.com\/index.php?rest_route=\/wp\/v2\/posts\/23254","targetHints":{"allow":["GET"]}}],"collection":[{"href":"https:\/\/gazetaregionalna.com\/index.php?rest_route=\/wp\/v2\/posts"}],"about":[{"href":"https:\/\/gazetaregionalna.com\/index.php?rest_route=\/wp\/v2\/types\/post"}],"author":[{"embeddable":true,"href":"https:\/\/gazetaregionalna.com\/index.php?rest_route=\/wp\/v2\/users\/12"}],"replies":[{"embeddable":true,"href":"https:\/\/gazetaregionalna.com\/index.php?rest_route=%2Fwp%2Fv2%2Fcomments&post=23254"}],"version-history":[{"count":1,"href":"https:\/\/gazetaregionalna.com\/index.php?rest_route=\/wp\/v2\/posts\/23254\/revisions"}],"predecessor-version":[{"id":23255,"href":"https:\/\/gazetaregionalna.com\/index.php?rest_route=\/wp\/v2\/posts\/23254\/revisions\/23255"}],"wp:featuredmedia":[{"embeddable":true,"href":"https:\/\/gazetaregionalna.com\/index.php?rest_route=\/wp\/v2\/media\/23256"}],"wp:attachment":[{"href":"https:\/\/gazetaregionalna.com\/index.php?rest_route=%2Fwp%2Fv2%2Fmedia&parent=23254"}],"wp:term":[{"taxonomy":"category","embeddable":true,"href":"https:\/\/gazetaregionalna.com\/index.php?rest_route=%2Fwp%2Fv2%2Fcategories&post=23254"},{"taxonomy":"post_tag","embeddable":true,"href":"https:\/\/gazetaregionalna.com\/index.php?rest_route=%2Fwp%2Fv2%2Ftags&post=23254"}],"curies":[{"name":"wp","href":"https:\/\/api.w.org\/{rel}","templated":true}]}}