{"id":23241,"date":"2020-10-12T18:58:02","date_gmt":"2020-10-12T18:58:02","guid":{"rendered":"https:\/\/gazetaregionalna.com\/?p=23241"},"modified":"2020-10-12T18:58:04","modified_gmt":"2020-10-12T18:58:04","slug":"miskowiak","status":"publish","type":"post","link":"https:\/\/gazetaregionalna.com\/?p=23241","title":{"rendered":"Jakub Mi\u015bkowiak wicemistrzem Europy junior\u00f3w"},"content":{"rendered":"\n<p>Z bardzo dobrej strony zaprezentowa\u0142 si\u0119 junior Eltrox W\u0142\u00f3kniarza <strong>Jakub Mi\u015bkowiak<\/strong> w Finale Indywidualnych Mistrzostw Europy Junior\u00f3w. \u017bu\u017clowiec cz\u0119stochowskiego klubu zdoby\u0142 srebrny medal.  <\/p>\n\n\n\n<p><strong>Jakub Mi\u015bkowiak<\/strong> ma bardzo dobry sezon. W Indywidualnych Mistrzostwach \u015awiata w czeskich Pardubicach zaj\u0105\u0142 7. miejsce. Powetowa\u0142 sobie w finale IMEJ w Gda\u0144sku, gdzie zaj\u0105\u0142 drugie miejsce i wywalczy\u0142 srebrny medal.  <\/p>\n\n\n\n<p>Mistrzem Europy Junior\u00f3w zosta\u0142 Du\u0144czyk <strong>Marcus Bircemose<\/strong>, a br\u0105z zdoby\u0142 Szwed <strong>Alexander Woentin<\/strong>.<\/p>\n\n\n\n<p>Po pi\u0119ciu seriach start\u00f3w <strong>Birkemose <\/strong>zgromadzi\u0142 13 punkt\u00f3w, <strong>Mi\u015bkowiak<\/strong> 12, a <strong>Woentin<\/strong> 11. W finale IMEJ startowa\u0142 te\u017c drugi z cz\u0119stochowskich junior\u00f3w <strong>Mateusz \u015awidnicki<\/strong>, ale z 3 punktami zosta\u0142 sklasyfikowany na 14. pozycji.  <\/p>\n\n\n\n<p>Foto: Gazeta Regionalna <\/p>\n","protected":false},"excerpt":{"rendered":"<p>Z bardzo dobrej strony zaprezentowa\u0142 si\u0119 junior Eltrox W\u0142\u00f3kniarza Jakub Mi\u015bkowiak w Finale Indywidualnych Mistrzostw Europy Junior\u00f3w. \u017bu\u017clowiec cz\u0119stochowskiego klubu zdoby\u0142 srebrny medal. Jakub<\/p>\n","protected":false},"author":15,"featured_media":18675,"comment_status":"open","ping_status":"open","sticky":false,"template":"","format":"standard","meta":{"_monsterinsights_skip_tracking":false,"_monsterinsights_sitenote_active":false,"_monsterinsights_sitenote_note":"","_monsterinsights_sitenote_category":0,"_uf_show_specific_survey":0,"_uf_disable_surveys":false,"footnotes":""},"categories":[5,7],"tags":[],"class_list":["post-23241","post","type-post","status-publish","format-standard","has-post-thumbnail","hentry","category-sport","category-zuzel"],"_links":{"self":[{"href":"https:\/\/gazetaregionalna.com\/index.php?rest_route=\/wp\/v2\/posts\/23241","targetHints":{"allow":["GET"]}}],"collection":[{"href":"https:\/\/gazetaregionalna.com\/index.php?rest_route=\/wp\/v2\/posts"}],"about":[{"href":"https:\/\/gazetaregionalna.com\/index.php?rest_route=\/wp\/v2\/types\/post"}],"author":[{"embeddable":true,"href":"https:\/\/gazetaregionalna.com\/index.php?rest_route=\/wp\/v2\/users\/15"}],"replies":[{"embeddable":true,"href":"https:\/\/gazetaregionalna.com\/index.php?rest_route=%2Fwp%2Fv2%2Fcomments&post=23241"}],"version-history":[{"count":1,"href":"https:\/\/gazetaregionalna.com\/index.php?rest_route=\/wp\/v2\/posts\/23241\/revisions"}],"predecessor-version":[{"id":23242,"href":"https:\/\/gazetaregionalna.com\/index.php?rest_route=\/wp\/v2\/posts\/23241\/revisions\/23242"}],"wp:featuredmedia":[{"embeddable":true,"href":"https:\/\/gazetaregionalna.com\/index.php?rest_route=\/wp\/v2\/media\/18675"}],"wp:attachment":[{"href":"https:\/\/gazetaregionalna.com\/index.php?rest_route=%2Fwp%2Fv2%2Fmedia&parent=23241"}],"wp:term":[{"taxonomy":"category","embeddable":true,"href":"https:\/\/gazetaregionalna.com\/index.php?rest_route=%2Fwp%2Fv2%2Fcategories&post=23241"},{"taxonomy":"post_tag","embeddable":true,"href":"https:\/\/gazetaregionalna.com\/index.php?rest_route=%2Fwp%2Fv2%2Ftags&post=23241"}],"curies":[{"name":"wp","href":"https:\/\/api.w.org\/{rel}","templated":true}]}}