{"id":23158,"date":"2020-10-12T08:51:04","date_gmt":"2020-10-12T08:51:04","guid":{"rendered":"https:\/\/gazetaregionalna.com\/?p=23158"},"modified":"2020-10-12T08:51:07","modified_gmt":"2020-10-12T08:51:07","slug":"mistrzostwo-slaska-dla-czestochowskich-szermierzy","status":"publish","type":"post","link":"https:\/\/gazetaregionalna.com\/?p=23158","title":{"rendered":"Mistrzostwo \u015al\u0105ska dla cz\u0119stochowskich szermierzy"},"content":{"rendered":"\n<h2 class=\"wp-block-heading\">Mistrzostwo \u015al\u0105ska dla cz\u0119stochowskich szermierzy. <\/h2>\n\n\n\n<p> [post_gallery] <\/p>\n\n\n\n<p>Wielkim sukcesem zako\u0144czy\u0142 si\u0119 start reprezentant\u00f3w cz\u0119stochowskiego klubu \u201eKmicic\u201d.  Szymon Wojciechowski z \u201eKmicica\u201d w wielkim stylu wygra\u0142 Mistrzostwa \u015al\u0105ska M\u0142odzik\u00f3w w szpadzie, kt\u00f3re odby\u0142y si\u0119 w Bytomiu.<\/p>\n\n\n\n<p>To\nnie koniec sukces\u00f3w m\u0142odych zawodnik\u00f3w. Szermierze z Cz\u0119stochowy\nw turnieju dru\u017cynowym si\u0119gn\u0119li po kolejny z\u0142oty medal. Prowadzeni\ndo boju przez trener\u00f3w Dariusza Radziejewskiego i wspieraj\u0105cego go\nAndrzeja Zagu\u0142\u0119 (za sprz\u0119t odpowiada\u0142 niezast\u0105piony Bart\u0142omiej\nBalsam) reprezentanci WLKS-u w pierwszym meczu bez k\u0142opotu ograli\n36:25 BTS Bytom, a nast\u0119pnie w p\u00f3\u0142finale okazali si\u0119 minimalnie\nlepsi (36:35) od Piasta Gliwice, a w finale pokonali G\u00f3rnika Radlin\n(36:34).<\/p>\n\n\n\n<p>\nSzymon\nWojciechowski przez bytomski turniej przeszed\u0142 niczym burza,\nzwyci\u0119\u017caj\u0105c w wielkim finale Seweryna Gust\u0119 z Piasta Gliwice\n12:9. Wcze\u015bniej rozprawi\u0142 si\u0119 z innym gliwiczaninem Franciszkiem\nDrobczykiem (zwyci\u0119stwo 12:10) i Bartoszem Wr\u00f3blewskim z G\u00f3rnika\nRadlin (12:5).<\/p>\n\n\n\n<p>\nW\nczo\u0142owej \u201eszesnastce\u201d zmaga\u0144 uplasowali si\u0119 jeszcze, zaledwie\n12-letni Szymon Ca\u0142ko (15. miejsce) oraz Jan Nowakowski (16.\nmiejsce). Na 17. pozycji znalaz\u0142 si\u0119 J\u0119drzej Rusin. Nieco dalej,\nbo 20. by\u0142 Karol \u0141uczy\u0144ski.<\/p>\n\n\n\n<p>\nW\nrywalizacji dru\u017cynowej, Wojciechowskiego wspierali J\u0119drzej Rusin\n(ambitna postawa we wszystkich meczach), Jan Nowakowski (znakomity\nwyst\u0119p w potyczce z BTS-em Bytom) i Szymon Ca\u0142ko. \n<\/p>\n\n\n\n<p>\nBrawo\nnale\u017c\u0105 si\u0119  wszystkim zawodnikom, tak\u017ce Szymonowi Ca\u0142ce, kt\u00f3ry\nw trudnym momencie fina\u0142owej batalii wspar\u0142 koleg\u00f3w, notuj\u0105c\nbardzo cenn\u0105 wygran\u0105.<\/p>\n\n\n\n<p>\nZawodnicy\n\u201eKmicica\u201d wypadli bardzo dobrze tak\u017ce w turniej z okazji Dnia\nEdukacji Narodowej, jednocze\u015bnie Memoriale Boles\u0142awa Miki w\nRadlinie.<\/p>\n\n\n\n<p>\nWe\nwsp\u00f3\u0142zawodnictwie dzieci (rocznik 2009-2010) do czo\u0142owej \u00f3semki\nimprezy awansowali Dominik Kalota i Miko\u0142aj Wojciechowski. Po\nwcze\u015bniejszych kapitalnych potyczkach eliminacyjnych pierwszy\nuplasowa\u0142 si\u0119 w zawodach na 5., drugi na 7. pozycji. Na radli\u0144skich\nplanszach dobrze radzili sobie tak\u017ce Filip Starczewski (wszystkie\nwalki wygrane w eliminacjach), kt\u00f3ry sklasyfikowany zosta\u0142 na 10\nmiejscu oraz jego klubowy kolega, Kamil Szacior (13. lokata). Ten\ndrugi walk\u0119 o wej\u015bcie do \u201e\u00f3semki\u201d zmaga\u0144 przegra\u0142 jednak\ndopiero w dogrywce. Kolejne do\u015bwiadczenie zbiera\u0142 te\u017c na planszy\nFranciszek Zbrojkiewicz, kt\u00f3ry znalaz\u0142 si\u0119 na 24. miejscu. \n<\/p>\n\n\n\n<p>\nW\nkategorii m\u0142odzik\u00f3w (rocznik 2007-2008) dobre miejsca zaj\u0119li:\nSzymon Ca\u0142ko (21.), Antoni Zakrzewski (23.), a tak\u017ce Jan Nowakowski\n(33.).<\/p>\n\n\n\n<p> W turnieju dziewcz\u0105t Ada Kuli\u0144ska (kategoria rocznik 2011 i m\u0142odsi) zaj\u0119\u0142a wysok\u0105 8. pozycj\u0119, a Aleksandra Kowalska 9. W grupie dziewcz\u0105t rocznika 2009-2010 Apolonia Rutkowska by\u0142a 27., a Idalia \u0141uczy\u0144ska 40. W walkach m\u0142odziczek 47. pozycja przypad\u0142a w udziale Hannie \u015aliwiak.  <\/p>\n\n\n\n<p>(fot. WLKS Kmicic)<\/p>\n","protected":false},"excerpt":{"rendered":"<p>Mistrzostwo \u015al\u0105ska dla cz\u0119stochowskich szermierzy. [post_gallery] Wielkim sukcesem zako\u0144czy\u0142 si\u0119 start reprezentant\u00f3w cz\u0119stochowskiego klubu \u201eKmicic\u201d. Szymon Wojciechowski z \u201eKmicica\u201d w wielkim stylu wygra\u0142 Mistrzostwa<\/p>\n","protected":false},"author":7,"featured_media":23163,"comment_status":"open","ping_status":"open","sticky":false,"template":"","format":"standard","meta":{"_monsterinsights_skip_tracking":false,"_monsterinsights_sitenote_active":false,"_monsterinsights_sitenote_note":"","_monsterinsights_sitenote_category":0,"_uf_show_specific_survey":0,"_uf_disable_surveys":false,"footnotes":""},"categories":[3,94,11,5,2],"tags":[1030],"class_list":["post-23158","post","type-post","status-publish","format-standard","has-post-thumbnail","hentry","category-czestochowa-informacje","category-polecane","category-pozostale","category-sport","category-wiadomosci","tag-mistrzostwo-slaska-dla-czestochowskich-szermierzy"],"_links":{"self":[{"href":"https:\/\/gazetaregionalna.com\/index.php?rest_route=\/wp\/v2\/posts\/23158","targetHints":{"allow":["GET"]}}],"collection":[{"href":"https:\/\/gazetaregionalna.com\/index.php?rest_route=\/wp\/v2\/posts"}],"about":[{"href":"https:\/\/gazetaregionalna.com\/index.php?rest_route=\/wp\/v2\/types\/post"}],"author":[{"embeddable":true,"href":"https:\/\/gazetaregionalna.com\/index.php?rest_route=\/wp\/v2\/users\/7"}],"replies":[{"embeddable":true,"href":"https:\/\/gazetaregionalna.com\/index.php?rest_route=%2Fwp%2Fv2%2Fcomments&post=23158"}],"version-history":[{"count":4,"href":"https:\/\/gazetaregionalna.com\/index.php?rest_route=\/wp\/v2\/posts\/23158\/revisions"}],"predecessor-version":[{"id":23167,"href":"https:\/\/gazetaregionalna.com\/index.php?rest_route=\/wp\/v2\/posts\/23158\/revisions\/23167"}],"wp:featuredmedia":[{"embeddable":true,"href":"https:\/\/gazetaregionalna.com\/index.php?rest_route=\/wp\/v2\/media\/23163"}],"wp:attachment":[{"href":"https:\/\/gazetaregionalna.com\/index.php?rest_route=%2Fwp%2Fv2%2Fmedia&parent=23158"}],"wp:term":[{"taxonomy":"category","embeddable":true,"href":"https:\/\/gazetaregionalna.com\/index.php?rest_route=%2Fwp%2Fv2%2Fcategories&post=23158"},{"taxonomy":"post_tag","embeddable":true,"href":"https:\/\/gazetaregionalna.com\/index.php?rest_route=%2Fwp%2Fv2%2Ftags&post=23158"}],"curies":[{"name":"wp","href":"https:\/\/api.w.org\/{rel}","templated":true}]}}