{"id":22998,"date":"2020-10-10T12:07:04","date_gmt":"2020-10-10T12:07:04","guid":{"rendered":"https:\/\/gazetaregionalna.com\/?p=22998"},"modified":"2020-10-10T12:07:06","modified_gmt":"2020-10-10T12:07:06","slug":"edukacja-jutra","status":"publish","type":"post","link":"https:\/\/gazetaregionalna.com\/?p=22998","title":{"rendered":"\u201eEdukacja jutra\u201d w SP w \u0141ojkach"},"content":{"rendered":"\n<h2 class=\"wp-block-heading\">W Szkole Podstawowej w \u0141ojkach (gmina\nBlachownia) kontynuowane s\u0105 zaj\u0119cia dodatkowe organizowane w ramach projektu unijnego&nbsp;<strong>\u201eEdukacja\njutra w Szkole Podstawowej im. Kornela Makuszy\u0144skiego w Zespole Szkolno \u2013\nPrzedszkolnym w \u0141ojkach\u201d<\/strong><strong>.<\/strong><\/h2>\n\n\n\n<p>W zaj\u0119ciach dodatkowych uczniowie z SP im. Kornela Makuszy\u0144skiego ucz\u0119szczali ju\u017c w wakacje. Cz\u0119\u015b\u0107 z tych zaj\u0119\u0107 zako\u0144czy\u0142a si\u0119, ale od wrze\u015bnia uczniowie mogli ucz\u0119szcza\u0107 w ko\u0142ach<strong> <\/strong>j\u0119zyka angielskiego i ko\u0142ach szachowych.<\/p>\n\n\n\n<figure class=\"wp-block-image size-large\"><img decoding=\"async\" width=\"788\" height=\"513\" data-src=\"https:\/\/gazetaregionalna.com\/wp-content\/uploads\/2020\/10\/wycieczka7.jpg\" alt=\"\" class=\"wp-image-23008 lazyload\" data-srcset=\"https:\/\/gazetaregionalna.com\/wp-content\/uploads\/2020\/10\/wycieczka7.jpg 788w, https:\/\/gazetaregionalna.com\/wp-content\/uploads\/2020\/10\/wycieczka7-300x195.jpg 300w, https:\/\/gazetaregionalna.com\/wp-content\/uploads\/2020\/10\/wycieczka7-768x500.jpg 768w, https:\/\/gazetaregionalna.com\/wp-content\/uploads\/2020\/10\/wycieczka7-696x453.jpg 696w, https:\/\/gazetaregionalna.com\/wp-content\/uploads\/2020\/10\/wycieczka7-645x420.jpg 645w\" data-sizes=\"(max-width: 788px) 100vw, 788px\" src=\"data:image\/svg+xml;base64,PHN2ZyB3aWR0aD0iMSIgaGVpZ2h0PSIxIiB4bWxucz0iaHR0cDovL3d3dy53My5vcmcvMjAwMC9zdmciPjwvc3ZnPg==\" style=\"--smush-placeholder-width: 788px; --smush-placeholder-aspect-ratio: 788\/513;\" \/><figcaption>Fot: UG Blachownia<\/figcaption><\/figure>\n\n\n\n<p>Realizowane by\u0142y r\u00f3wnie\u017c zaj\u0119cia z informatyki dla\nnajm\u0142odszych uczni\u00f3w oraz zaj\u0119cia informatyczne dla uzdolnionej m\u0142odzie\u017cy. Dobiega\nko\u0144ca tak\u017ce realizacja zaj\u0119\u0107 korekcyjno \u2013 kompensacyjnych, logopedycznych oraz\nrozwijaj\u0105cych kompetencje spo\u0142eczno \u2013 emocjonalne.<\/p>\n\n\n\n<p>W minionym miesi\u0105cu w szkole trwa\u0142a rekrutacja na zaj\u0119cia warsztatowe\norganizowane poza plac\u00f3wk\u0105.<\/p>\n\n\n\n<p>1 pa\u017adziernika br. odby\u0142a si\u0119 pierwsza wycieczka. 45 uczni\u00f3w\npojecha\u0142o do Centrum Nauki Kopernik w Warszawie,\nod lat&nbsp;promuj\u0105cego ide\u0119 uczenia przez samodzielne eksperymentowanie.<\/p>\n\n\n\n<p>Pobyt w Koperniku by\u0142 dobr\u0105 okazj\u0105 na\nposzerzenie wiedzy, jak r\u00f3wnie\u017c zainspirowa\u0142 i sk\u0142oni\u0142 do wsp\u00f3\u0142pracy m\u0142odych\nuczestnik\u00f3w wycieczki. <\/p>\n\n\n\n<figure class=\"wp-block-image size-large\"><img decoding=\"async\" width=\"449\" height=\"600\" data-src=\"https:\/\/gazetaregionalna.com\/wp-content\/uploads\/2020\/10\/wycieczka2.jpg\" alt=\"\" class=\"wp-image-23003 lazyload\" data-srcset=\"https:\/\/gazetaregionalna.com\/wp-content\/uploads\/2020\/10\/wycieczka2.jpg 449w, https:\/\/gazetaregionalna.com\/wp-content\/uploads\/2020\/10\/wycieczka2-225x300.jpg 225w, https:\/\/gazetaregionalna.com\/wp-content\/uploads\/2020\/10\/wycieczka2-314x420.jpg 314w\" data-sizes=\"(max-width: 449px) 100vw, 449px\" src=\"data:image\/svg+xml;base64,PHN2ZyB3aWR0aD0iMSIgaGVpZ2h0PSIxIiB4bWxucz0iaHR0cDovL3d3dy53My5vcmcvMjAwMC9zdmciPjwvc3ZnPg==\" style=\"--smush-placeholder-width: 449px; --smush-placeholder-aspect-ratio: 449\/600;\" \/><figcaption>Fot: UG Blachownia<\/figcaption><\/figure>\n\n\n\n<p>Uczniowie odkrywali zjawiska naukowe\nm.&nbsp;in. korzystaj\u0105c z&nbsp;eksponat\u00f3w zgromadzonych na&nbsp;wystawach,\npodczas&nbsp;samodzielnego rozwi\u0105zywania&nbsp;zada\u0144 konstrukcyjnych\ni&nbsp;logicznych, a&nbsp;tak\u017ce bior\u0105c udzia\u0142 w&nbsp;r\u00f3\u017cnych warsztatach.<\/p>\n\n\n\n<p>Zaplanowane zosta\u0142y ju\u017c kolejne dwie wycieczki na zaj\u0119cia warsztatowe w Centrum Wiedzy o Wodzie Hydropolis we Wroc\u0142awiu oraz warsztaty fizyki eksperymentalnej w \u015aredniowiecznym Parku Techniki i \u017cywe lekcje historii w Muzeum Gazownictwa w Z\u0142otym Stoku (45 uczni\u00f3w).<\/p>\n\n\n\n<p>[post_gallery]<\/p>\n\n\n\n<p>Fot: UM Blachownia<\/p>\n","protected":false},"excerpt":{"rendered":"<p>W Szkole Podstawowej w \u0141ojkach (gmina Blachownia) kontynuowane s\u0105 zaj\u0119cia dodatkowe organizowane w ramach projektu unijnego&nbsp;\u201eEdukacja jutra w Szkole Podstawowej im. Kornela Makuszy\u0144skiego w<\/p>\n","protected":false},"author":12,"featured_media":23002,"comment_status":"open","ping_status":"open","sticky":false,"template":"","format":"standard","meta":{"_monsterinsights_skip_tracking":false,"_monsterinsights_sitenote_active":false,"_monsterinsights_sitenote_note":"","_monsterinsights_sitenote_category":0,"_uf_show_specific_survey":0,"_uf_disable_surveys":false,"footnotes":""},"categories":[41,94,4,2],"tags":[],"class_list":["post-22998","post","type-post","status-publish","format-standard","has-post-thumbnail","hentry","category-edukacja","category-polecane","category-region","category-wiadomosci"],"_links":{"self":[{"href":"https:\/\/gazetaregionalna.com\/index.php?rest_route=\/wp\/v2\/posts\/22998","targetHints":{"allow":["GET"]}}],"collection":[{"href":"https:\/\/gazetaregionalna.com\/index.php?rest_route=\/wp\/v2\/posts"}],"about":[{"href":"https:\/\/gazetaregionalna.com\/index.php?rest_route=\/wp\/v2\/types\/post"}],"author":[{"embeddable":true,"href":"https:\/\/gazetaregionalna.com\/index.php?rest_route=\/wp\/v2\/users\/12"}],"replies":[{"embeddable":true,"href":"https:\/\/gazetaregionalna.com\/index.php?rest_route=%2Fwp%2Fv2%2Fcomments&post=22998"}],"version-history":[{"count":2,"href":"https:\/\/gazetaregionalna.com\/index.php?rest_route=\/wp\/v2\/posts\/22998\/revisions"}],"predecessor-version":[{"id":23009,"href":"https:\/\/gazetaregionalna.com\/index.php?rest_route=\/wp\/v2\/posts\/22998\/revisions\/23009"}],"wp:featuredmedia":[{"embeddable":true,"href":"https:\/\/gazetaregionalna.com\/index.php?rest_route=\/wp\/v2\/media\/23002"}],"wp:attachment":[{"href":"https:\/\/gazetaregionalna.com\/index.php?rest_route=%2Fwp%2Fv2%2Fmedia&parent=22998"}],"wp:term":[{"taxonomy":"category","embeddable":true,"href":"https:\/\/gazetaregionalna.com\/index.php?rest_route=%2Fwp%2Fv2%2Fcategories&post=22998"},{"taxonomy":"post_tag","embeddable":true,"href":"https:\/\/gazetaregionalna.com\/index.php?rest_route=%2Fwp%2Fv2%2Ftags&post=22998"}],"curies":[{"name":"wp","href":"https:\/\/api.w.org\/{rel}","templated":true}]}}