{"id":22993,"date":"2020-10-10T08:38:08","date_gmt":"2020-10-10T08:38:08","guid":{"rendered":"https:\/\/gazetaregionalna.com\/?p=22993"},"modified":"2020-10-10T08:38:10","modified_gmt":"2020-10-10T08:38:10","slug":"zrobili-niespodzianke","status":"publish","type":"post","link":"https:\/\/gazetaregionalna.com\/?p=22993","title":{"rendered":"Taki ma\u0142y gest a cieszy. Cz\u0119stochowscy policjanci i stra\u017cacy zrobili niespodziank\u0119"},"content":{"rendered":"\n<h2 class=\"wp-block-heading\">Cz\u0119stochowska Policja i Stra\u017c Po\u017carna zrobi\u0142a niespodziank\u0119\nniepe\u0142nosprawnemu ch\u0142opcu, kt\u00f3ry przebywa wraz z rodzicami na kwarantannie. <\/h2>\n\n\n\n<p>W obecnych czasach kwarantanna jest coraz cz\u0119stszym i koniecznym zjawiskiem. Ponadto bardzo cz\u0119sto obj\u0119te s\u0105 ni\u0105 rodziny z dzie\u0107mi, kt\u00f3re musz\u0105 si\u0119 stosowa\u0107 do wytycznych s\u0142u\u017cb sanitarno-epidemiologicznych. Wytyczne dotycz\u0105ce bezpiecze\u0144stwa zmuszaj\u0105 ich do ca\u0142kowitej izolacji. <\/p>\n\n\n\n<p>Na jednej z takich izolacji przebywa niepe\u0142nosprawny ch\u0142opiec wraz z rodzin\u0105. Ch\u0142opiec uwielbia wszystko co jest zwi\u0105zane ze s\u0142u\u017cbami mundurowymi, dlatego na pro\u015bb\u0119<strong> <\/strong>przyjaci\u00f3\u0142 rodziny cz\u0119stochowscy policjanci wraz z<strong> <\/strong>funkcjonariuszami Stra\u017cy Po\u017carnej postanowili zrobi\u0107 ch\u0142opcu niespodziank\u0119.<\/p>\n\n\n\n<figure class=\"wp-block-image size-large\"><img decoding=\"async\" width=\"970\" height=\"630\" data-src=\"https:\/\/gazetaregionalna.com\/wp-content\/uploads\/2020\/10\/mi\u0142y-gest-2.jpg\" alt=\"\" class=\"wp-image-22996 lazyload\" data-srcset=\"https:\/\/gazetaregionalna.com\/wp-content\/uploads\/2020\/10\/mi\u0142y-gest-2.jpg 970w, https:\/\/gazetaregionalna.com\/wp-content\/uploads\/2020\/10\/mi\u0142y-gest-2-300x195.jpg 300w, https:\/\/gazetaregionalna.com\/wp-content\/uploads\/2020\/10\/mi\u0142y-gest-2-768x499.jpg 768w, https:\/\/gazetaregionalna.com\/wp-content\/uploads\/2020\/10\/mi\u0142y-gest-2-696x452.jpg 696w, https:\/\/gazetaregionalna.com\/wp-content\/uploads\/2020\/10\/mi\u0142y-gest-2-647x420.jpg 647w\" data-sizes=\"(max-width: 970px) 100vw, 970px\" src=\"data:image\/svg+xml;base64,PHN2ZyB3aWR0aD0iMSIgaGVpZ2h0PSIxIiB4bWxucz0iaHR0cDovL3d3dy53My5vcmcvMjAwMC9zdmciPjwvc3ZnPg==\" style=\"--smush-placeholder-width: 970px; --smush-placeholder-aspect-ratio: 970\/630;\" \/><figcaption>Fot: KMP Cz\u0119stochowa<\/figcaption><\/figure>\n\n\n\n<p>Dla m\u0142odzie\u0144ca widok mundurowych oraz przyjaci\u00f3\u0142 by\u0142 wielkim zaskoczeniem, poniewa\u017c nic nie wiedzia\u0142 o niespodziance. D\u017awi\u0119ki syren radiowoz\u00f3w oraz przekazane przez megafon \u017cyczenia zdrowia i wytrwa\u0142o\u015bci\u00a0sprawi\u0142y ch\u0142opcu i rodzicom wiele rado\u015bci.<\/p>\n","protected":false},"excerpt":{"rendered":"<p>Cz\u0119stochowska Policja i Stra\u017c Po\u017carna zrobi\u0142a niespodziank\u0119 niepe\u0142nosprawnemu ch\u0142opcu, kt\u00f3ry przebywa wraz z rodzicami na kwarantannie. W obecnych czasach kwarantanna jest coraz cz\u0119stszym i<\/p>\n","protected":false},"author":12,"featured_media":22995,"comment_status":"open","ping_status":"open","sticky":false,"template":"","format":"standard","meta":{"_monsterinsights_skip_tracking":false,"_monsterinsights_sitenote_active":false,"_monsterinsights_sitenote_note":"","_monsterinsights_sitenote_category":0,"_uf_show_specific_survey":0,"_uf_disable_surveys":false,"footnotes":""},"categories":[94,3],"tags":[],"class_list":["post-22993","post","type-post","status-publish","format-standard","has-post-thumbnail","hentry","category-polecane","category-czestochowa-informacje"],"_links":{"self":[{"href":"https:\/\/gazetaregionalna.com\/index.php?rest_route=\/wp\/v2\/posts\/22993","targetHints":{"allow":["GET"]}}],"collection":[{"href":"https:\/\/gazetaregionalna.com\/index.php?rest_route=\/wp\/v2\/posts"}],"about":[{"href":"https:\/\/gazetaregionalna.com\/index.php?rest_route=\/wp\/v2\/types\/post"}],"author":[{"embeddable":true,"href":"https:\/\/gazetaregionalna.com\/index.php?rest_route=\/wp\/v2\/users\/12"}],"replies":[{"embeddable":true,"href":"https:\/\/gazetaregionalna.com\/index.php?rest_route=%2Fwp%2Fv2%2Fcomments&post=22993"}],"version-history":[{"count":2,"href":"https:\/\/gazetaregionalna.com\/index.php?rest_route=\/wp\/v2\/posts\/22993\/revisions"}],"predecessor-version":[{"id":22997,"href":"https:\/\/gazetaregionalna.com\/index.php?rest_route=\/wp\/v2\/posts\/22993\/revisions\/22997"}],"wp:featuredmedia":[{"embeddable":true,"href":"https:\/\/gazetaregionalna.com\/index.php?rest_route=\/wp\/v2\/media\/22995"}],"wp:attachment":[{"href":"https:\/\/gazetaregionalna.com\/index.php?rest_route=%2Fwp%2Fv2%2Fmedia&parent=22993"}],"wp:term":[{"taxonomy":"category","embeddable":true,"href":"https:\/\/gazetaregionalna.com\/index.php?rest_route=%2Fwp%2Fv2%2Fcategories&post=22993"},{"taxonomy":"post_tag","embeddable":true,"href":"https:\/\/gazetaregionalna.com\/index.php?rest_route=%2Fwp%2Fv2%2Ftags&post=22993"}],"curies":[{"name":"wp","href":"https:\/\/api.w.org\/{rel}","templated":true}]}}