{"id":22736,"date":"2020-10-06T12:13:59","date_gmt":"2020-10-06T12:13:59","guid":{"rendered":"https:\/\/gazetaregionalna.com\/?p=22736"},"modified":"2020-10-06T12:14:01","modified_gmt":"2020-10-06T12:14:01","slug":"uczniowie-zespolu-szkol","status":"publish","type":"post","link":"https:\/\/gazetaregionalna.com\/?p=22736","title":{"rendered":"Uczniowie Zespo\u0142u Szk\u00f3\u0142 Nr 1 w K\u0142obucku realizowali projekt europejski"},"content":{"rendered":"\n<h2 class=\"wp-block-heading\">2 pa\u017adziernika 2020 roku w <strong>Zespole Szk\u00f3\u0142 nr 1 w K\u0142obucku<\/strong> odby\u0142o si\u0119 spotkanie, w kt\u00f3rego trakcie uczestnicy projektu <strong>\u201eEuropejska mobilno\u015b\u0107 drog\u0105 do sukcesu zawodowego\u201d<\/strong>, dokonali jego podsumowania. <\/h2>\n\n\n\n<p>W spotkaniu uczestniczyli tak\u017ce Starosta K\u0142obucki Henryk\nKiepura i Wicestarosta Zdzis\u0142awa Kall.<\/p>\n\n\n\n<figure class=\"wp-block-image size-large\"><img decoding=\"async\" width=\"1024\" height=\"768\" data-src=\"https:\/\/gazetaregionalna.com\/wp-content\/uploads\/2020\/10\/zesp\u00f3\u0142-szk\u00f3\u0142-1-1024x768.jpg\" alt=\"\" class=\"wp-image-22748 lazyload\" data-srcset=\"https:\/\/gazetaregionalna.com\/wp-content\/uploads\/2020\/10\/zesp\u00f3\u0142-szk\u00f3\u0142-1-1024x768.jpg 1024w, https:\/\/gazetaregionalna.com\/wp-content\/uploads\/2020\/10\/zesp\u00f3\u0142-szk\u00f3\u0142-1-300x225.jpg 300w, https:\/\/gazetaregionalna.com\/wp-content\/uploads\/2020\/10\/zesp\u00f3\u0142-szk\u00f3\u0142-1-768x576.jpg 768w, https:\/\/gazetaregionalna.com\/wp-content\/uploads\/2020\/10\/zesp\u00f3\u0142-szk\u00f3\u0142-1-1536x1152.jpg 1536w, https:\/\/gazetaregionalna.com\/wp-content\/uploads\/2020\/10\/zesp\u00f3\u0142-szk\u00f3\u0142-1-80x60.jpg 80w, https:\/\/gazetaregionalna.com\/wp-content\/uploads\/2020\/10\/zesp\u00f3\u0142-szk\u00f3\u0142-1-265x198.jpg 265w, https:\/\/gazetaregionalna.com\/wp-content\/uploads\/2020\/10\/zesp\u00f3\u0142-szk\u00f3\u0142-1-696x522.jpg 696w, https:\/\/gazetaregionalna.com\/wp-content\/uploads\/2020\/10\/zesp\u00f3\u0142-szk\u00f3\u0142-1-1068x801.jpg 1068w, https:\/\/gazetaregionalna.com\/wp-content\/uploads\/2020\/10\/zesp\u00f3\u0142-szk\u00f3\u0142-1-560x420.jpg 560w, https:\/\/gazetaregionalna.com\/wp-content\/uploads\/2020\/10\/zesp\u00f3\u0142-szk\u00f3\u0142-1.jpg 1200w\" data-sizes=\"(max-width: 1024px) 100vw, 1024px\" src=\"data:image\/svg+xml;base64,PHN2ZyB3aWR0aD0iMSIgaGVpZ2h0PSIxIiB4bWxucz0iaHR0cDovL3d3dy53My5vcmcvMjAwMC9zdmciPjwvc3ZnPg==\" style=\"--smush-placeholder-width: 1024px; --smush-placeholder-aspect-ratio: 1024\/768;\" \/><figcaption>Fot: Powiat K\u0142obucki<\/figcaption><\/figure>\n\n\n\n<p>Projekt ten to cz\u0119\u015b\u0107 wi\u0119kszego projektu pn. \u201ePonadnarodowa\nmobilno\u015b\u0107 uczni\u00f3w i absolwent\u00f3w oraz kadry kszta\u0142cenia zawodowego\u201d\nrealizowanego, przez szko\u0142\u0119, z wykorzystaniem \u015brodk\u00f3w PO WER, na zasadach\nProgramu Erasmus+, sektor Kszta\u0142cenie i szkolenia zawodowe.<\/p>\n\n\n\n<p>Ze wzgl\u0119du na pojawienie si\u0119 pandemii projekt, jak i samo\nspotkanie by\u0142o inne ni\u017c poprzednie. Zabrak\u0142o rozmachu, wsp\u00f3lnego spotkania z\nuczestnikami projektu, ale tak\u017ce rodzicami uczni\u00f3w bior\u0105cych udzia\u0142 w projekcie, uczniami szk\u00f3\u0142\npodstawowych z powiatu k\u0142obuckiego oraz lokalnymi pracodawcami.<\/p>\n\n\n\n<figure class=\"wp-block-image size-large\"><img decoding=\"async\" width=\"1024\" height=\"768\" data-src=\"https:\/\/gazetaregionalna.com\/wp-content\/uploads\/2020\/10\/4-1024x768.jpg\" alt=\"\" class=\"wp-image-22740 lazyload\" data-srcset=\"https:\/\/gazetaregionalna.com\/wp-content\/uploads\/2020\/10\/4-1024x768.jpg 1024w, https:\/\/gazetaregionalna.com\/wp-content\/uploads\/2020\/10\/4-300x225.jpg 300w, https:\/\/gazetaregionalna.com\/wp-content\/uploads\/2020\/10\/4-768x576.jpg 768w, https:\/\/gazetaregionalna.com\/wp-content\/uploads\/2020\/10\/4-80x60.jpg 80w, https:\/\/gazetaregionalna.com\/wp-content\/uploads\/2020\/10\/4-265x198.jpg 265w, https:\/\/gazetaregionalna.com\/wp-content\/uploads\/2020\/10\/4-696x522.jpg 696w, https:\/\/gazetaregionalna.com\/wp-content\/uploads\/2020\/10\/4-1068x801.jpg 1068w, https:\/\/gazetaregionalna.com\/wp-content\/uploads\/2020\/10\/4-560x420.jpg 560w, https:\/\/gazetaregionalna.com\/wp-content\/uploads\/2020\/10\/4.jpg 1200w\" data-sizes=\"(max-width: 1024px) 100vw, 1024px\" src=\"data:image\/svg+xml;base64,PHN2ZyB3aWR0aD0iMSIgaGVpZ2h0PSIxIiB4bWxucz0iaHR0cDovL3d3dy53My5vcmcvMjAwMC9zdmciPjwvc3ZnPg==\" style=\"--smush-placeholder-width: 1024px; --smush-placeholder-aspect-ratio: 1024\/768;\" \/><figcaption>Fot: Powiat K\u0142obucki<\/figcaption><\/figure>\n\n\n\n<p>Spotkanie odby\u0142o si\u0119 okrojonym sk\u0142adzie. W\u015br\u00f3d zaproszonych\nbyli przedstawiciele organu prowadz\u0105cego, uczestnicy oraz grono uczni\u00f3w i nauczycieli.<\/p>\n\n\n\n<p>Uczestnicy spotkania wys\u0142uchali informacji dotycz\u0105cych\nza\u0142o\u017ce\u0144 i cel\u00f3w projektu, jego organizacji, przebiegu poszczeg\u00f3lnych mobilno\u015bci\ni ich efekt\u00f3w oraz obejrzeli materia\u0142y, jakie powsta\u0142y podczas pobytu uczni\u00f3w\nna sta\u017cach oraz nauczycieli na szkoleniach we Francji i w Niemczech.<\/p>\n\n\n\n<p>Uczniowie Zespo\u0142u Szk\u00f3\u0142 Nr 1 w K\u0142obucku w ramach projektu odbyli praktyki zawodowe. Technik mechanik oraz technik pojazd\u00f3w swoje sta\u017ce realizowali w Niemczech, za\u015b uczniowie technikum \u017cywienia oraz kszta\u0142c\u0105cy si\u0119 w zawodzie kucharz &#8211; we Francji.<\/p>\n\n\n\n<p>[post_gallery]<\/p>\n\n\n\n<p>Fot: Powiat K\u0142obucki<\/p>\n","protected":false},"excerpt":{"rendered":"<p>2 pa\u017adziernika 2020 roku w Zespole Szk\u00f3\u0142 nr 1 w K\u0142obucku odby\u0142o si\u0119 spotkanie, w kt\u00f3rego trakcie uczestnicy projektu \u201eEuropejska mobilno\u015b\u0107 drog\u0105 do sukcesu<\/p>\n","protected":false},"author":12,"featured_media":22746,"comment_status":"open","ping_status":"open","sticky":false,"template":"","format":"standard","meta":{"_monsterinsights_skip_tracking":false,"_monsterinsights_sitenote_active":false,"_monsterinsights_sitenote_note":"","_monsterinsights_sitenote_category":0,"_uf_show_specific_survey":0,"_uf_disable_surveys":false,"footnotes":""},"categories":[41,27,94,4,2],"tags":[],"class_list":["post-22736","post","type-post","status-publish","format-standard","has-post-thumbnail","hentry","category-edukacja","category-klobuck-informacje","category-polecane","category-region","category-wiadomosci"],"_links":{"self":[{"href":"https:\/\/gazetaregionalna.com\/index.php?rest_route=\/wp\/v2\/posts\/22736","targetHints":{"allow":["GET"]}}],"collection":[{"href":"https:\/\/gazetaregionalna.com\/index.php?rest_route=\/wp\/v2\/posts"}],"about":[{"href":"https:\/\/gazetaregionalna.com\/index.php?rest_route=\/wp\/v2\/types\/post"}],"author":[{"embeddable":true,"href":"https:\/\/gazetaregionalna.com\/index.php?rest_route=\/wp\/v2\/users\/12"}],"replies":[{"embeddable":true,"href":"https:\/\/gazetaregionalna.com\/index.php?rest_route=%2Fwp%2Fv2%2Fcomments&post=22736"}],"version-history":[{"count":2,"href":"https:\/\/gazetaregionalna.com\/index.php?rest_route=\/wp\/v2\/posts\/22736\/revisions"}],"predecessor-version":[{"id":22751,"href":"https:\/\/gazetaregionalna.com\/index.php?rest_route=\/wp\/v2\/posts\/22736\/revisions\/22751"}],"wp:featuredmedia":[{"embeddable":true,"href":"https:\/\/gazetaregionalna.com\/index.php?rest_route=\/wp\/v2\/media\/22746"}],"wp:attachment":[{"href":"https:\/\/gazetaregionalna.com\/index.php?rest_route=%2Fwp%2Fv2%2Fmedia&parent=22736"}],"wp:term":[{"taxonomy":"category","embeddable":true,"href":"https:\/\/gazetaregionalna.com\/index.php?rest_route=%2Fwp%2Fv2%2Fcategories&post=22736"},{"taxonomy":"post_tag","embeddable":true,"href":"https:\/\/gazetaregionalna.com\/index.php?rest_route=%2Fwp%2Fv2%2Ftags&post=22736"}],"curies":[{"name":"wp","href":"https:\/\/api.w.org\/{rel}","templated":true}]}}