{"id":22660,"date":"2020-10-05T11:10:23","date_gmt":"2020-10-05T11:10:23","guid":{"rendered":"https:\/\/gazetaregionalna.com\/?p=22660"},"modified":"2020-10-05T11:10:25","modified_gmt":"2020-10-05T11:10:25","slug":"szpital-powiatowy-w-klobucku","status":"publish","type":"post","link":"https:\/\/gazetaregionalna.com\/?p=22660","title":{"rendered":"Kolejne zamkni\u0119cia szpitali. Tym razem przez koronawirusa zamkni\u0119ty zosta\u0142 Szpital Powiatowy w K\u0142obucku"},"content":{"rendered":"\n<h2 class=\"wp-block-heading\">Z powodu wykrycia wirusa u\npracownik\u00f3w i pacjent\u00f3w szpitala wstrzymane zosta\u0142y przyj\u0119cia na wszystkie\noddzia\u0142y. Zdrowy personel jest testowany na obecno\u015b\u0107 wirusa. <\/h2>\n\n\n\n<p>U czterech pracownik\u00f3w szpitala oraz\nu kilku pacjent\u00f3w stwierdzono zaka\u017cenie. Na chwile obecn\u0105 s\u0105 przeprowadzane\ntesty u pozosta\u0142ych os\u00f3b z personelu. W momencie poznania wynik\u00f3w zostan\u0105\npodj\u0119te decyzje o dalszym losie szpitala i jego funkcjonowaniu.<\/p>\n\n\n\n<p>Do Szpitala Powiatowego przyjmowani\ns\u0105 jedynie pacjenci z gor\u0105czk\u0105, u kt\u00f3rych istnieje podejrzenie zaka\u017cenia koronawirusem.\n<\/p>\n\n\n\n<p>Niedawno zamkni\u0119ty szpital w\nKrzepicach, r\u00f3wnie\u017c z powodu koronawirusa, na nowo zosta\u0142 otwarty na przyj\u0119cia\npacjent\u00f3w.<\/p>\n","protected":false},"excerpt":{"rendered":"<p>Z powodu wykrycia wirusa u pracownik\u00f3w i pacjent\u00f3w szpitala wstrzymane zosta\u0142y przyj\u0119cia na wszystkie oddzia\u0142y. Zdrowy personel jest testowany na obecno\u015b\u0107 wirusa. U czterech<\/p>\n","protected":false},"author":12,"featured_media":22662,"comment_status":"open","ping_status":"open","sticky":false,"template":"","format":"standard","meta":{"_monsterinsights_skip_tracking":false,"_monsterinsights_sitenote_active":false,"_monsterinsights_sitenote_note":"","_monsterinsights_sitenote_category":0,"_uf_show_specific_survey":0,"_uf_disable_surveys":false,"footnotes":""},"categories":[94,27,2,37],"tags":[],"class_list":["post-22660","post","type-post","status-publish","format-standard","has-post-thumbnail","hentry","category-polecane","category-klobuck-informacje","category-wiadomosci","category-zdrowie"],"_links":{"self":[{"href":"https:\/\/gazetaregionalna.com\/index.php?rest_route=\/wp\/v2\/posts\/22660","targetHints":{"allow":["GET"]}}],"collection":[{"href":"https:\/\/gazetaregionalna.com\/index.php?rest_route=\/wp\/v2\/posts"}],"about":[{"href":"https:\/\/gazetaregionalna.com\/index.php?rest_route=\/wp\/v2\/types\/post"}],"author":[{"embeddable":true,"href":"https:\/\/gazetaregionalna.com\/index.php?rest_route=\/wp\/v2\/users\/12"}],"replies":[{"embeddable":true,"href":"https:\/\/gazetaregionalna.com\/index.php?rest_route=%2Fwp%2Fv2%2Fcomments&post=22660"}],"version-history":[{"count":1,"href":"https:\/\/gazetaregionalna.com\/index.php?rest_route=\/wp\/v2\/posts\/22660\/revisions"}],"predecessor-version":[{"id":22661,"href":"https:\/\/gazetaregionalna.com\/index.php?rest_route=\/wp\/v2\/posts\/22660\/revisions\/22661"}],"wp:featuredmedia":[{"embeddable":true,"href":"https:\/\/gazetaregionalna.com\/index.php?rest_route=\/wp\/v2\/media\/22662"}],"wp:attachment":[{"href":"https:\/\/gazetaregionalna.com\/index.php?rest_route=%2Fwp%2Fv2%2Fmedia&parent=22660"}],"wp:term":[{"taxonomy":"category","embeddable":true,"href":"https:\/\/gazetaregionalna.com\/index.php?rest_route=%2Fwp%2Fv2%2Fcategories&post=22660"},{"taxonomy":"post_tag","embeddable":true,"href":"https:\/\/gazetaregionalna.com\/index.php?rest_route=%2Fwp%2Fv2%2Ftags&post=22660"}],"curies":[{"name":"wp","href":"https:\/\/api.w.org\/{rel}","templated":true}]}}