{"id":22521,"date":"2020-10-03T20:59:39","date_gmt":"2020-10-03T20:59:39","guid":{"rendered":"https:\/\/gazetaregionalna.com\/?p=22521"},"modified":"2020-10-03T20:59:41","modified_gmt":"2020-10-03T20:59:41","slug":"azs-4","status":"publish","type":"post","link":"https:\/\/gazetaregionalna.com\/?p=22521","title":{"rendered":"Koszykarze AZS Politechniki przegrali w hali Polonia z rywalami z Tarnowskich G\u00f3r"},"content":{"rendered":"\n<p>Pora\u017ck\u0105 cz\u0119stochowskich zawodnik\u00f3w zako\u0144czy\u0142 si\u0119 sobotni mecz 2 ligi koszyk\u00f3wki mi\u0119dzy AZS Politechnik\u0105 Cz\u0119stochowa i KKS Ragor Tarnowskie G\u00f3ry.<\/p>\n\n\n\n<p>AZS Politechnika cieszy\u0142a si\u0119 ze\nzwyci\u0119stwa w pierwszej kolejce. Koszykarze Politechniki liczyli te\u017c\nna wygran\u0105 w pierwszym meczu tego sezonu w Hali Polonia. Niestety,\nale gospodarze \u017ale rozpocz\u0119li mecz i pierwsz\u0105 kwart\u0119 przegrali\n16:19. Kolejna kwarta r\u00f3wnie\u017c nale\u017ca\u0142a do go\u015bci, kt\u00f3rzy na\nprzerw\u0119 schodzili prowadz\u0105c 7 punktami. Niestety, ale o wyniku\nmeczu przes\u0105dzi\u0142a trzecia kwart\u0105, kt\u00f3r\u0105 go\u015bcie wygrali 25:13\nprowadz\u0105c w meczu 19 punktami. Jedynie w ostatniej kwarcie\ntriumfowali gospodarze wygrywaj\u0105c 24:19 i zmniejszaj\u0105c straty do 14\npunkt\u00f3w. \n<\/p>\n\n\n\n<p>Dla Politechniki w sobot\u0119 najlepiej punktowali <strong>Kowalski<\/strong> i <strong>P\u0142aczek<\/strong>, kt\u00f3rzy zdobyli po 21 punkt\u00f3w.  Dla go\u015bci najwi\u0119cej punkt\u00f3w zdoby\u0142 <strong>Pawlik<\/strong> (20).  <\/p>\n\n\n\n<p><strong>AZS Politechnika Cz\u0119stochowa \u2013\nKKS Ragor Tarnowskie G\u00f3ry 75:89 (16:19, 22:26, 13:25, 24:19)<\/strong><\/p>\n\n\n\n<p><strong>AZS Politechnika:<\/strong> Kowalski 21, P\u0142aczek 21, Pyrzyna 12, Cie\u015blak 12, Szyma\u0144ski 7, Raszewski 2, Beszczy\u0144ski 0.  <\/p>\n\n\n\n<p>Foto: pixabay.com<\/p>\n","protected":false},"excerpt":{"rendered":"<p>Pora\u017ck\u0105 cz\u0119stochowskich zawodnik\u00f3w zako\u0144czy\u0142 si\u0119 sobotni mecz 2 ligi koszyk\u00f3wki mi\u0119dzy AZS Politechnik\u0105 Cz\u0119stochowa i KKS Ragor Tarnowskie G\u00f3ry. AZS Politechnika cieszy\u0142a si\u0119 ze<\/p>\n","protected":false},"author":15,"featured_media":21548,"comment_status":"open","ping_status":"open","sticky":false,"template":"","format":"standard","meta":{"_monsterinsights_skip_tracking":false,"_monsterinsights_sitenote_active":false,"_monsterinsights_sitenote_note":"","_monsterinsights_sitenote_category":0,"_uf_show_specific_survey":0,"_uf_disable_surveys":false,"footnotes":""},"categories":[5,9],"tags":[897,896],"class_list":["post-22521","post","type-post","status-publish","format-standard","has-post-thumbnail","hentry","category-sport","category-koszykowka","tag-azs-politechnika-czestochowa","tag-koszykowka"],"_links":{"self":[{"href":"https:\/\/gazetaregionalna.com\/index.php?rest_route=\/wp\/v2\/posts\/22521","targetHints":{"allow":["GET"]}}],"collection":[{"href":"https:\/\/gazetaregionalna.com\/index.php?rest_route=\/wp\/v2\/posts"}],"about":[{"href":"https:\/\/gazetaregionalna.com\/index.php?rest_route=\/wp\/v2\/types\/post"}],"author":[{"embeddable":true,"href":"https:\/\/gazetaregionalna.com\/index.php?rest_route=\/wp\/v2\/users\/15"}],"replies":[{"embeddable":true,"href":"https:\/\/gazetaregionalna.com\/index.php?rest_route=%2Fwp%2Fv2%2Fcomments&post=22521"}],"version-history":[{"count":1,"href":"https:\/\/gazetaregionalna.com\/index.php?rest_route=\/wp\/v2\/posts\/22521\/revisions"}],"predecessor-version":[{"id":22522,"href":"https:\/\/gazetaregionalna.com\/index.php?rest_route=\/wp\/v2\/posts\/22521\/revisions\/22522"}],"wp:featuredmedia":[{"embeddable":true,"href":"https:\/\/gazetaregionalna.com\/index.php?rest_route=\/wp\/v2\/media\/21548"}],"wp:attachment":[{"href":"https:\/\/gazetaregionalna.com\/index.php?rest_route=%2Fwp%2Fv2%2Fmedia&parent=22521"}],"wp:term":[{"taxonomy":"category","embeddable":true,"href":"https:\/\/gazetaregionalna.com\/index.php?rest_route=%2Fwp%2Fv2%2Fcategories&post=22521"},{"taxonomy":"post_tag","embeddable":true,"href":"https:\/\/gazetaregionalna.com\/index.php?rest_route=%2Fwp%2Fv2%2Ftags&post=22521"}],"curies":[{"name":"wp","href":"https:\/\/api.w.org\/{rel}","templated":true}]}}