{"id":2242,"date":"2019-03-07T07:17:02","date_gmt":"2019-03-07T07:17:02","guid":{"rendered":"http:\/\/gazetaregionalna.com\/?p=2242"},"modified":"2019-03-07T07:17:02","modified_gmt":"2019-03-07T07:17:02","slug":"teatr-im-a-mickiewicza-zaprasza-na-zajecia-literackie","status":"publish","type":"post","link":"https:\/\/gazetaregionalna.com\/2019\/03\/07\/teatr-im-a-mickiewicza-zaprasza-na-zajecia-literackie\/","title":{"rendered":"Teatr im. A. Mickiewicza zaprasza na zaj\u0119cia literackie"},"content":{"rendered":"<p>&nbsp;<\/p>\n<p><span style=\"font-size: small;\"><b>31 marca w Teatrze im. Adama Mickiewicza rozpoczn\u0105 si\u0119 warsztaty literackie z Miko\u0142ajem Grynbergiem. Zainteresowani naucz\u0105 si\u0119 jak pisa\u0107 kr\u00f3tkie formy dokumentalne, jak szuka\u0107 i zbiera\u0107 opowie\u015bci, jak s\u0142ucha\u0107 i nie przeszkadza\u0107 opowiadaj\u0105cemu, i co potem zrobi\u0107 z zebranym materia\u0142em.<\/b><\/span><\/p>\n<p align=\"LEFT\"><span style=\"font-size: small;\">Podczas warsztat\u00f3w uczestnicy poznaj\u0105 tw\u00f3rcz\u0105 drog\u0119 od wyboru bohatera do gotowej wersji opowie\u015bci. To mo\u017ce by\u0107 pocz\u0105tek przygody z pisaniem \u2013 literatura jest wsz\u0119dzie&#8230;<\/span>\n<\/p>\n<p align=\"LEFT\"><span style=\"font-size: small;\">\u017beby zosta\u0107 uczestnikiem zaj\u0119\u0107 nale\u017cy:<\/span><\/p>\n<p align=\"LEFT\"><span style=\"font-size: small;\">&#8211; by\u0107 osoba pe\u0142noletni\u0105;<br \/>\n&#8211; posiada\u0107 telefon z mo\u017cliwo\u015bci\u0105 nagrywania lub dyktafon, sprawnie pisa\u0107 na komputerze;<br \/>\n&#8211; wys\u0142a\u0107 swoje zg\u0142oszenie zawieraj\u0105ce imi\u0119 i nazwisko na adres\u00a0 a.karkoszka@teatr-mickiewicza.pl<br \/>\n&#8211; w zg\u0142oszeniu napisa\u0107 kilka zda\u0144 o sobie i uzasadni\u0107, dlaczego chc\u0105 Pa\u0144stwo uczestniczy\u0107 w warsztatach;<br \/>\n&#8211; do 10 marca 2019 r. op\u0142aci\u0107 wpisowe w wysoko\u015bci 200 z\u0142, (druga rata op\u0142aty za warsztaty powinna by\u0107 op\u0142acona najp\u00f3\u017aniej do ko\u0144ca kwietnia 2019 r.).<\/span><\/p>\n<p><span style=\"font-size: small;\">Organizatorzy zastrzegaj\u0105 mo\u017cliwo\u015b\u0107 wskazania uczestnik\u00f3w warsztat\u00f3w.<\/span><\/p>\n<p align=\"LEFT\"><span style=\"font-size: small;\">Terminy spotka\u0144: 31 marca, 6 i 20 kwietnia, 18 maja, 1 i 8 czerwca, zaj\u0119cia w godz. 11.00-14.00.<\/span><\/p>\n<p><span style=\"font-size: small;\">Koszt warsztat\u00f3w: 400 z\u0142 za cykl 6 spotka\u0144. Ilo\u015b\u0107 miejsc jest ograniczona.<\/span><\/p>\n","protected":false},"excerpt":{"rendered":"<p>&nbsp; 31 marca w Teatrze im. Adama Mickiewicza rozpoczn\u0105 si\u0119 warsztaty literackie z Miko\u0142ajem Grynbergiem. Zainteresowani naucz\u0105 si\u0119 jak pisa\u0107 kr\u00f3tkie formy dokumentalne, jak<\/p>\n","protected":false},"author":3,"featured_media":2243,"comment_status":"open","ping_status":"closed","sticky":false,"template":"","format":"standard","meta":{"_monsterinsights_skip_tracking":false,"_monsterinsights_sitenote_active":false,"_monsterinsights_sitenote_note":"","_monsterinsights_sitenote_category":0,"_uf_show_specific_survey":0,"_uf_disable_surveys":false,"footnotes":""},"categories":[3,41,12,2],"tags":[],"class_list":["post-2242","post","type-post","status-publish","format-standard","has-post-thumbnail","hentry","category-czestochowa-informacje","category-edukacja","category-kultura-i-rozrywka","category-wiadomosci"],"_links":{"self":[{"href":"https:\/\/gazetaregionalna.com\/wp-json\/wp\/v2\/posts\/2242","targetHints":{"allow":["GET"]}}],"collection":[{"href":"https:\/\/gazetaregionalna.com\/wp-json\/wp\/v2\/posts"}],"about":[{"href":"https:\/\/gazetaregionalna.com\/wp-json\/wp\/v2\/types\/post"}],"author":[{"embeddable":true,"href":"https:\/\/gazetaregionalna.com\/wp-json\/wp\/v2\/users\/3"}],"replies":[{"embeddable":true,"href":"https:\/\/gazetaregionalna.com\/wp-json\/wp\/v2\/comments?post=2242"}],"version-history":[{"count":2,"href":"https:\/\/gazetaregionalna.com\/wp-json\/wp\/v2\/posts\/2242\/revisions"}],"predecessor-version":[{"id":2245,"href":"https:\/\/gazetaregionalna.com\/wp-json\/wp\/v2\/posts\/2242\/revisions\/2245"}],"wp:featuredmedia":[{"embeddable":true,"href":"https:\/\/gazetaregionalna.com\/wp-json\/wp\/v2\/media\/2243"}],"wp:attachment":[{"href":"https:\/\/gazetaregionalna.com\/wp-json\/wp\/v2\/media?parent=2242"}],"wp:term":[{"taxonomy":"category","embeddable":true,"href":"https:\/\/gazetaregionalna.com\/wp-json\/wp\/v2\/categories?post=2242"},{"taxonomy":"post_tag","embeddable":true,"href":"https:\/\/gazetaregionalna.com\/wp-json\/wp\/v2\/tags?post=2242"}],"curies":[{"name":"wp","href":"https:\/\/api.w.org\/{rel}","templated":true}]}}