{"id":2239,"date":"2019-03-04T14:52:04","date_gmt":"2019-03-04T14:52:04","guid":{"rendered":"http:\/\/gazetaregionalna.com\/?p=2239"},"modified":"2019-03-04T14:52:04","modified_gmt":"2019-03-04T14:52:04","slug":"tozsamosc-poszkodowanego-w-wypadku-ustalona","status":"publish","type":"post","link":"https:\/\/gazetaregionalna.com\/?p=2239","title":{"rendered":"To\u017csamo\u015b\u0107 poszkodowanego w wypadku ustalona"},"content":{"rendered":"<div class=\"head\">\n<p>&nbsp;<\/p>\n<p>Lublinieccy \u015bledczy ustalili to\u017csamo\u015b\u0107 osoby, kt\u00f3ra ucierpia\u0142a w wypadku drogowym zaistnia\u0142ym w dniach 16 &#8211; 21 lutego na trasie pomi\u0119dzy miejscowo\u015bciami Panosz\u00f3w a \u0141ugi Rad\u0142y, w rejonie mostu na rzece Liswarta. W dalszym ci\u0105gu o kontakt z Komend\u0105 Powiatow\u0105 Policji w Lubli\u0144cu pod nr tel. 034 3532255 proszone s\u0105 wszystkie osoby, kt\u00f3re by\u0142y \u015bwiadkami zdarzenia lub posiadaj\u0105 informacj\u0119 o okoliczno\u015bciach wypadku.<\/p>\n<\/div>\n<p>Zaledwie kilku dni potrzebowali policjanci z Wydzia\u0142u Kryminalnego lublinieckiej komendy Policji, kt\u00f3rzy prowadz\u0105 spraw\u0119 \u015bmiertelnego wypadku w rejonie Panoszowa, na ustalenie i potwierdzenie to\u017csamo\u015b\u0107 poszkodowanej osoby. W dniu wczorajszym w toku prowadzonych policyjnych czynno\u015bci ustalono oraz potwierdzono pe\u0142ne dane m\u0119\u017cczyzny.\u00a0W dalszym ci\u0105gu osoby, kt\u00f3re posiadaj\u0105 jakiekolwiek informacje mog\u0105ce przyczyni\u0107 si\u0119 do ustalenia okoliczno\u015bci wypadku w rejonie Panoszowa proszone s\u0105 o kontakt z dy\u017curnym Komendy Powiatowej Policji w Lubli\u0144cu pod numerem telefonu\u00a0034 3532255.<\/p>\n<p>Lublinieccy policjanci kieruj\u0105 podzi\u0119kowania wszystkim osobom i mediom, kt\u00f3re aktywnie w\u0142\u0105czy\u0142y si\u0119 w poszukiwania oraz instytucjom za okazane wsparcie w prowadzonych czynno\u015bciach.<\/p>\n","protected":false},"excerpt":{"rendered":"<p>&nbsp; Lublinieccy \u015bledczy ustalili to\u017csamo\u015b\u0107 osoby, kt\u00f3ra ucierpia\u0142a w wypadku drogowym zaistnia\u0142ym w dniach 16 &#8211; 21 lutego na trasie pomi\u0119dzy miejscowo\u015bciami Panosz\u00f3w a<\/p>\n","protected":false},"author":3,"featured_media":2240,"comment_status":"open","ping_status":"closed","sticky":false,"template":"","format":"standard","meta":{"_monsterinsights_skip_tracking":false,"_monsterinsights_sitenote_active":false,"_monsterinsights_sitenote_note":"","_monsterinsights_sitenote_category":0,"_uf_show_specific_survey":0,"_uf_disable_surveys":false,"footnotes":""},"categories":[44,25,2],"tags":[],"class_list":["post-2239","post","type-post","status-publish","format-standard","has-post-thumbnail","hentry","category-bezpieczenstwo","category-lubliniec","category-wiadomosci"],"_links":{"self":[{"href":"https:\/\/gazetaregionalna.com\/index.php?rest_route=\/wp\/v2\/posts\/2239","targetHints":{"allow":["GET"]}}],"collection":[{"href":"https:\/\/gazetaregionalna.com\/index.php?rest_route=\/wp\/v2\/posts"}],"about":[{"href":"https:\/\/gazetaregionalna.com\/index.php?rest_route=\/wp\/v2\/types\/post"}],"author":[{"embeddable":true,"href":"https:\/\/gazetaregionalna.com\/index.php?rest_route=\/wp\/v2\/users\/3"}],"replies":[{"embeddable":true,"href":"https:\/\/gazetaregionalna.com\/index.php?rest_route=%2Fwp%2Fv2%2Fcomments&post=2239"}],"version-history":[{"count":1,"href":"https:\/\/gazetaregionalna.com\/index.php?rest_route=\/wp\/v2\/posts\/2239\/revisions"}],"predecessor-version":[{"id":2241,"href":"https:\/\/gazetaregionalna.com\/index.php?rest_route=\/wp\/v2\/posts\/2239\/revisions\/2241"}],"wp:featuredmedia":[{"embeddable":true,"href":"https:\/\/gazetaregionalna.com\/index.php?rest_route=\/wp\/v2\/media\/2240"}],"wp:attachment":[{"href":"https:\/\/gazetaregionalna.com\/index.php?rest_route=%2Fwp%2Fv2%2Fmedia&parent=2239"}],"wp:term":[{"taxonomy":"category","embeddable":true,"href":"https:\/\/gazetaregionalna.com\/index.php?rest_route=%2Fwp%2Fv2%2Fcategories&post=2239"},{"taxonomy":"post_tag","embeddable":true,"href":"https:\/\/gazetaregionalna.com\/index.php?rest_route=%2Fwp%2Fv2%2Ftags&post=2239"}],"curies":[{"name":"wp","href":"https:\/\/api.w.org\/{rel}","templated":true}]}}