{"id":2236,"date":"2019-03-04T08:58:36","date_gmt":"2019-03-04T08:58:36","guid":{"rendered":"http:\/\/gazetaregionalna.com\/?p=2236"},"modified":"2019-03-04T08:58:36","modified_gmt":"2019-03-04T08:58:36","slug":"kolo-gospodyn-wiejskich-zagorzanka","status":"publish","type":"post","link":"https:\/\/gazetaregionalna.com\/2019\/03\/04\/kolo-gospodyn-wiejskich-zagorzanka\/","title":{"rendered":"Ko\u0142o Gospody\u0144 Wiejskich \u201eZag\u00f3rzanka\u201d"},"content":{"rendered":"<p>&nbsp;<\/p>\n<p><span style=\"font-family: Times New Roman, serif;\">W K\u0142obucku powsta\u0142o nowe Ko\u0142o Gospody\u0144 Wiejskich \u201eZag\u00f3rzanka\u201d. Uroczyste otwarcie odby\u0142o si\u0119 27 marca, w kt\u00f3rym na zaproszenie gospody\u0144 uczestniczyli Burmistrz K\u0142obucka Jerzy Zakrzewski oraz Sekretarz Gminy K\u0142obuck Sylwia Pi\u0105tkowska. KGW \u201eZag\u00f3rzanka\u201d liczy 39 cz\u0142onk\u00f3w. <\/span><\/p>\n<p><span style=\"font-family: Times New Roman, serif;\">Cz\u0142onkowie ko\u0142a przygotowali cz\u0119\u015b\u0107 artystyczn\u0105 oraz pocz\u0119stunek. Proboszcz parafii p.w. Naj\u015bwi\u0119tszego Cia\u0142a i Krwi Chrystusa w K\u0142obucku ks. Grzegorz Banasiak po\u015bwi\u0119ci\u0142 i pob\u0142ogos\u0142awi\u0142 nowo powsta\u0142e KGW K\u0142obuck \u201eZag\u00f3rzanka\u201d.<br \/>\nBurmistrz Jerzy Zakrzewski z\u0142o\u017cy\u0142 wszystkim cz\u0142onkom ko\u0142a \u017cyczenia i gratulacje, a na r\u0119ce Przewodnicz\u0105cej KGW K\u0142obuck \u201eZag\u00f3rzanka\u201d Pani Magdaleny Gancarek i zast\u0119pcy Pani Sylwii Skwarczy\u0144skiej przekaza\u0142 prezent. <\/span><\/p>\n<p><span style=\"font-family: Times New Roman, serif;\">(UG K\u0142obuck, red.)<\/span><\/p>\n<p>fot. UG K\u0142obuck<\/p>\n","protected":false},"excerpt":{"rendered":"<p>&nbsp; W K\u0142obucku powsta\u0142o nowe Ko\u0142o Gospody\u0144 Wiejskich \u201eZag\u00f3rzanka\u201d. Uroczyste otwarcie odby\u0142o si\u0119 27 marca, w kt\u00f3rym na zaproszenie gospody\u0144 uczestniczyli Burmistrz K\u0142obucka Jerzy<\/p>\n","protected":false},"author":3,"featured_media":2237,"comment_status":"open","ping_status":"closed","sticky":false,"template":"","format":"standard","meta":{"_monsterinsights_skip_tracking":false,"_monsterinsights_sitenote_active":false,"_monsterinsights_sitenote_note":"","_monsterinsights_sitenote_category":0,"_uf_show_specific_survey":0,"_uf_disable_surveys":false,"footnotes":""},"categories":[27,2],"tags":[],"class_list":["post-2236","post","type-post","status-publish","format-standard","has-post-thumbnail","hentry","category-klobuck-informacje","category-wiadomosci"],"_links":{"self":[{"href":"https:\/\/gazetaregionalna.com\/wp-json\/wp\/v2\/posts\/2236","targetHints":{"allow":["GET"]}}],"collection":[{"href":"https:\/\/gazetaregionalna.com\/wp-json\/wp\/v2\/posts"}],"about":[{"href":"https:\/\/gazetaregionalna.com\/wp-json\/wp\/v2\/types\/post"}],"author":[{"embeddable":true,"href":"https:\/\/gazetaregionalna.com\/wp-json\/wp\/v2\/users\/3"}],"replies":[{"embeddable":true,"href":"https:\/\/gazetaregionalna.com\/wp-json\/wp\/v2\/comments?post=2236"}],"version-history":[{"count":1,"href":"https:\/\/gazetaregionalna.com\/wp-json\/wp\/v2\/posts\/2236\/revisions"}],"predecessor-version":[{"id":2238,"href":"https:\/\/gazetaregionalna.com\/wp-json\/wp\/v2\/posts\/2236\/revisions\/2238"}],"wp:featuredmedia":[{"embeddable":true,"href":"https:\/\/gazetaregionalna.com\/wp-json\/wp\/v2\/media\/2237"}],"wp:attachment":[{"href":"https:\/\/gazetaregionalna.com\/wp-json\/wp\/v2\/media?parent=2236"}],"wp:term":[{"taxonomy":"category","embeddable":true,"href":"https:\/\/gazetaregionalna.com\/wp-json\/wp\/v2\/categories?post=2236"},{"taxonomy":"post_tag","embeddable":true,"href":"https:\/\/gazetaregionalna.com\/wp-json\/wp\/v2\/tags?post=2236"}],"curies":[{"name":"wp","href":"https:\/\/api.w.org\/{rel}","templated":true}]}}