{"id":22303,"date":"2020-10-02T06:40:03","date_gmt":"2020-10-02T06:40:03","guid":{"rendered":"https:\/\/gazetaregionalna.com\/?p=22303"},"modified":"2020-10-02T06:40:06","modified_gmt":"2020-10-02T06:40:06","slug":"czestochowskie-kino-studyjne-iluzja-zaprasza-na-magiczny-koncert","status":"publish","type":"post","link":"https:\/\/gazetaregionalna.com\/?p=22303","title":{"rendered":"Cz\u0119stochowskie Kino Studyjne Iluzja zaprasza na magiczny koncert"},"content":{"rendered":"\n<h2 class=\"wp-block-heading\">Cz\u0119stochowskie Kino Studyjne Iluzja zaprasza na magiczny koncert. <\/h2>\n\n\n\n<p>Jutro, o godzinie 17.45 na ekranie zaprezentowany zostanie Koncert \u201eRazem z Andr\u00e9 Rieu. Muzyka z magicznego Maastricht&#8221; &#8211; jubileusz 15-lecia s\u0142ynnych koncert\u00f3w plenerowych na placu Vrijthof.<br> Koncert z polskimi napisami trwa 140 minut (w tym jedna przerwa).<br> Jak zapowiada O\u015brodek Kultury Filmowej, po sukcesach retransmitowanych z Maastricht do kin na ca\u0142ym \u015bwiecie koncert\u00f3w: \u201eAmore \u2013 m\u00f3j ho\u0142d dla mi\u0142o\u015bci&#8221;, \u201eAndr\u00e9 Rieu, czyli 70 lat m\u0142odo\u015bci&#8221; czy \u201eZata\u0144czymy?&#8221;, przyszed\u0142 czas na kolejne kinowe show.<br> W tym roku seria koncert\u00f3w na placu Vrijthof w rodzinnym mie\u015bcie Andr\u00e9 Rieu, Maastricht, nie mog\u0142a si\u0119 odby\u0107 ze wzgl\u0119d\u00f3w bezpiecze\u0144stwa epidemicznego. Jednak holenderski maestro nie chcia\u0142 zostawi\u0107 widz\u00f3w na ca\u0142ym \u015bwiecie bez swojej ukochanej muzyki. Postanowi\u0142 wi\u0119c przygotowa\u0107 specjalny kinowy koncert, na kt\u00f3ry z\u0142o\u017cy\u0142y si\u0119 najbardziej zabawne i wzruszaj\u0105ce fragmenty z ostatnich 15 lat wyst\u0119p\u00f3w na placu Vrijthof.<br> W koncercie \u201eRazem z Andr\u00e9 Rieu. Muzyka z magicznego Maastricht&#8221; tradycyjnie we\u017amie udzia\u0142 barwna Orkiestra Johanna Straussa, Platynowi Tenorzy, s\u0142ynne sopranistki i inni wybitni go\u015bcie, kt\u00f3rzy przyj\u0119li zaproszenie od pe\u0142nego charyzmy holenderskiego kr\u00f3la walca. Maestro przed koncertem udzieli wywiadu na temat obecnej sytuacji i si\u0142y muzyki. Cho\u0107 w ten spos\u00f3b fani b\u0119d\u0105 mogli \u201espotka\u0107 si\u0119&#8221; ze swoim ulubie\u0144cem.<\/p>\n","protected":false},"excerpt":{"rendered":"<p>Cz\u0119stochowskie Kino Studyjne Iluzja zaprasza na magiczny koncert. Jutro, o godzinie 17.45 na ekranie zaprezentowany zostanie Koncert \u201eRazem z Andr\u00e9 Rieu. Muzyka z magicznego<\/p>\n","protected":false},"author":7,"featured_media":22304,"comment_status":"open","ping_status":"open","sticky":false,"template":"","format":"standard","meta":{"_monsterinsights_skip_tracking":false,"_monsterinsights_sitenote_active":false,"_monsterinsights_sitenote_note":"","_monsterinsights_sitenote_category":0,"_uf_show_specific_survey":0,"_uf_disable_surveys":false,"footnotes":""},"categories":[94,12,1,2,13],"tags":[],"class_list":["post-22303","post","type-post","status-publish","format-standard","has-post-thumbnail","hentry","category-polecane","category-kultura-i-rozrywka","category-uncategorized","category-wiadomosci","category-wydarzenia"],"_links":{"self":[{"href":"https:\/\/gazetaregionalna.com\/index.php?rest_route=\/wp\/v2\/posts\/22303","targetHints":{"allow":["GET"]}}],"collection":[{"href":"https:\/\/gazetaregionalna.com\/index.php?rest_route=\/wp\/v2\/posts"}],"about":[{"href":"https:\/\/gazetaregionalna.com\/index.php?rest_route=\/wp\/v2\/types\/post"}],"author":[{"embeddable":true,"href":"https:\/\/gazetaregionalna.com\/index.php?rest_route=\/wp\/v2\/users\/7"}],"replies":[{"embeddable":true,"href":"https:\/\/gazetaregionalna.com\/index.php?rest_route=%2Fwp%2Fv2%2Fcomments&post=22303"}],"version-history":[{"count":1,"href":"https:\/\/gazetaregionalna.com\/index.php?rest_route=\/wp\/v2\/posts\/22303\/revisions"}],"predecessor-version":[{"id":22305,"href":"https:\/\/gazetaregionalna.com\/index.php?rest_route=\/wp\/v2\/posts\/22303\/revisions\/22305"}],"wp:featuredmedia":[{"embeddable":true,"href":"https:\/\/gazetaregionalna.com\/index.php?rest_route=\/wp\/v2\/media\/22304"}],"wp:attachment":[{"href":"https:\/\/gazetaregionalna.com\/index.php?rest_route=%2Fwp%2Fv2%2Fmedia&parent=22303"}],"wp:term":[{"taxonomy":"category","embeddable":true,"href":"https:\/\/gazetaregionalna.com\/index.php?rest_route=%2Fwp%2Fv2%2Fcategories&post=22303"},{"taxonomy":"post_tag","embeddable":true,"href":"https:\/\/gazetaregionalna.com\/index.php?rest_route=%2Fwp%2Fv2%2Ftags&post=22303"}],"curies":[{"name":"wp","href":"https:\/\/api.w.org\/{rel}","templated":true}]}}