{"id":2222,"date":"2019-02-28T13:17:05","date_gmt":"2019-02-28T13:17:05","guid":{"rendered":"http:\/\/gazetaregionalna.com\/?p=2222"},"modified":"2019-02-28T13:17:05","modified_gmt":"2019-02-28T13:17:05","slug":"akademickie-targi-pracy","status":"publish","type":"post","link":"https:\/\/gazetaregionalna.com\/2019\/02\/28\/akademickie-targi-pracy\/","title":{"rendered":"Akademickie Targi Pracy"},"content":{"rendered":"<p>&nbsp;<\/p>\n<p><strong><span style=\"font-family: Times New Roman, serif;\">Podczas wczorajszych Akademickich Targ\u00f3w Pracy, kt\u00f3re odby\u0142y si\u0119 w auli Wydzia\u0142u Zarz\u0105dzania Politechniki Cz\u0119stochowskiej swoje oferty zaprezentowa\u0142o <\/span><\/strong><strong><span style=\"font-family: Times New Roman, serif;\">33 wystawc\u00f3w.<\/span><\/strong><\/p>\n<p><img decoding=\"async\" class=\"size-full wp-image-2225 aligncenter lazyload\" data-src=\"http:\/\/gazetaregionalna.com\/wp-content\/uploads\/2019\/02\/DSC_0086-e1551358995985.jpg\" alt=\"\" width=\"720\" height=\"480\" src=\"data:image\/svg+xml;base64,PHN2ZyB3aWR0aD0iMSIgaGVpZ2h0PSIxIiB4bWxucz0iaHR0cDovL3d3dy53My5vcmcvMjAwMC9zdmciPjwvc3ZnPg==\" style=\"--smush-placeholder-width: 720px; --smush-placeholder-aspect-ratio: 720\/480;\"><\/p>\n<p><span style=\"font-family: Times New Roman, serif;\">Przedstawiciele r\u00f3\u017cnych bran\u017c (IT, motoryzacja, budownictwo, bankowo\u015b\u0107 i finanse,call center czy edukacja) oferowali studentom prac\u0119, sta\u017ce i praktyki. <\/span><\/p>\n<p><span style=\"font-family: Times New Roman, serif;\">Targi zosta\u0142y zorganizowane przez Biuro Karier i Marketingu Politechniki Cz\u0119stochowskiej. Skierowane by\u0142y w szczeg\u00f3lno\u015bci do student\u00f3w i absolwent\u00f3w wy\u017cszych uczelni oraz uczni\u00f3w szk\u00f3\u0142 ponadgimnazjalnych.<\/span><\/p>\n<p><img decoding=\"async\" class=\"aligncenter wp-image-2226 lazyload\" data-src=\"http:\/\/gazetaregionalna.com\/wp-content\/uploads\/2019\/02\/DSC_0095-e1551359063900.jpg\" alt=\"\" width=\"500\" height=\"750\" src=\"data:image\/svg+xml;base64,PHN2ZyB3aWR0aD0iMSIgaGVpZ2h0PSIxIiB4bWxucz0iaHR0cDovL3d3dy53My5vcmcvMjAwMC9zdmciPjwvc3ZnPg==\" style=\"--smush-placeholder-width: 500px; --smush-placeholder-aspect-ratio: 500\/750;\"><\/p>\n<p><span style=\"font-family: Times New Roman, serif;\">Patronat honorowy nad Akademickimi Targani Pracy obj\u0119li: Rektor Politechniki Cz\u0119stochowskiej, Prezydent Miasta Cz\u0119stochowy oraz Wojew\u00f3dzki Urz\u0105d Pracy w Katowicach.<\/span><\/p>\n<p><span style=\"font-family: Times New Roman, serif;\">(red.)<\/span><\/p>\n","protected":false},"excerpt":{"rendered":"<p>&nbsp; Podczas wczorajszych Akademickich Targ\u00f3w Pracy, kt\u00f3re odby\u0142y si\u0119 w auli Wydzia\u0142u Zarz\u0105dzania Politechniki Cz\u0119stochowskiej swoje oferty zaprezentowa\u0142o 33 wystawc\u00f3w. Przedstawiciele r\u00f3\u017cnych bran\u017c (IT,<\/p>\n","protected":false},"author":3,"featured_media":2227,"comment_status":"open","ping_status":"closed","sticky":false,"template":"","format":"standard","meta":{"_monsterinsights_skip_tracking":false,"_monsterinsights_sitenote_active":false,"_monsterinsights_sitenote_note":"","_monsterinsights_sitenote_category":0,"_uf_show_specific_survey":0,"_uf_disable_surveys":false,"footnotes":""},"categories":[3,36,2,13],"tags":[],"class_list":["post-2222","post","type-post","status-publish","format-standard","has-post-thumbnail","hentry","category-czestochowa-informacje","category-praca","category-wiadomosci","category-wydarzenia"],"_links":{"self":[{"href":"https:\/\/gazetaregionalna.com\/wp-json\/wp\/v2\/posts\/2222","targetHints":{"allow":["GET"]}}],"collection":[{"href":"https:\/\/gazetaregionalna.com\/wp-json\/wp\/v2\/posts"}],"about":[{"href":"https:\/\/gazetaregionalna.com\/wp-json\/wp\/v2\/types\/post"}],"author":[{"embeddable":true,"href":"https:\/\/gazetaregionalna.com\/wp-json\/wp\/v2\/users\/3"}],"replies":[{"embeddable":true,"href":"https:\/\/gazetaregionalna.com\/wp-json\/wp\/v2\/comments?post=2222"}],"version-history":[{"count":1,"href":"https:\/\/gazetaregionalna.com\/wp-json\/wp\/v2\/posts\/2222\/revisions"}],"predecessor-version":[{"id":2228,"href":"https:\/\/gazetaregionalna.com\/wp-json\/wp\/v2\/posts\/2222\/revisions\/2228"}],"wp:featuredmedia":[{"embeddable":true,"href":"https:\/\/gazetaregionalna.com\/wp-json\/wp\/v2\/media\/2227"}],"wp:attachment":[{"href":"https:\/\/gazetaregionalna.com\/wp-json\/wp\/v2\/media?parent=2222"}],"wp:term":[{"taxonomy":"category","embeddable":true,"href":"https:\/\/gazetaregionalna.com\/wp-json\/wp\/v2\/categories?post=2222"},{"taxonomy":"post_tag","embeddable":true,"href":"https:\/\/gazetaregionalna.com\/wp-json\/wp\/v2\/tags?post=2222"}],"curies":[{"name":"wp","href":"https:\/\/api.w.org\/{rel}","templated":true}]}}