{"id":22119,"date":"2020-09-30T08:14:24","date_gmt":"2020-09-30T08:14:24","guid":{"rendered":"https:\/\/gazetaregionalna.com\/?p=22119"},"modified":"2020-09-30T08:14:27","modified_gmt":"2020-09-30T08:14:27","slug":"polonia-poraj","status":"publish","type":"post","link":"https:\/\/gazetaregionalna.com\/?p=22119","title":{"rendered":"W rozgrywkach junior\u00f3w m\u0142odszych Polonia Poraj lepsza od UKS Rak\u00f3w Cz\u0119stochowa"},"content":{"rendered":"\n<h2 class=\"wp-block-heading\">W ramach rozgrywek ligowych w kategorii junior m\u0142odszy, <strong>Polonia Poraj<\/strong> odnios\u0142a zwyci\u0119stwo nad <strong>UKS Rak\u00f3w Cz\u0119stochowa<\/strong>.<\/h2>\n\n\n\n<figure class=\"wp-block-image size-large\"><img decoding=\"async\" data-src=\"https:\/\/gazetaregionalna.com\/wp-content\/uploads\/2020\/09\/polonia-poraj-5-1024x768.jpg\" alt=\"\" class=\"wp-image-22125 lazyload\" src=\"data:image\/svg+xml;base64,PHN2ZyB3aWR0aD0iMSIgaGVpZ2h0PSIxIiB4bWxucz0iaHR0cDovL3d3dy53My5vcmcvMjAwMC9zdmciPjwvc3ZnPg==\" style=\"--smush-placeholder-width: 1024px; --smush-placeholder-aspect-ratio: 1024\/768;\"><figcaption>Fot: Gmina Poraj<\/figcaption><\/figure>\n\n\n\n<p><strong>23 wrze\u015bnia 2020 roku<\/strong>, w \u015brod\u0119 na stadionie przy ul. Sportowej w Poraju zosta\u0142 rozegrany mecz pomi\u0119dzy m\u0142odzikami gospodarza a Rakowa.<\/p>\n\n\n\n<p>Podopieczni trenera <strong>Mateusza Paw\u0142owskiego<\/strong> okazali si\u0119 lepsi wygrywaj\u0105c spotkanie <strong>8:5<\/strong>. Bramki dla zwyci\u0119skiej dru\u017cyny strzelili:<\/p>\n\n\n\n<ul class=\"wp-block-list\"><li>Wiktor Bogacki \u2013 3;<\/li><li>Krzysztof Ciesielski;<\/li><li>Dominik Cicho\u0144;<\/li><li>\u0141ukasz Barszcz;<\/li><li>Micha\u0142 Jaros;<\/li><li>Przemys\u0142aw Grabowski.<\/li><\/ul>\n\n\n\n<p>Sk\u0142ad dru\u017cyny Polonii Poraj: Wiktor Bogacki, \u0141ukasz Barszcz, Tymon Chrobot, Dominik Cicho\u0144, Krzysztof Ciesielski, Przemys\u0142aw Grabowski, Maciej Gradek, Micha\u0142 Jaros, Wojciech Lema\u0144ski &#8211; kapitan dru\u017cyny, Emil Tomzik. Trener Mateusz Paw\u0142owski.<\/p>\n\n\n\n<p>[post_gallery]<\/p>\n\n\n\n<p>Fot: Gmina Poraj<\/p>\n","protected":false},"excerpt":{"rendered":"<p>W ramach rozgrywek ligowych w kategorii junior m\u0142odszy, Polonia Poraj odnios\u0142a zwyci\u0119stwo nad UKS Rak\u00f3w Cz\u0119stochowa. 23 wrze\u015bnia 2020 roku, w \u015brod\u0119 na stadionie<\/p>\n","protected":false},"author":12,"featured_media":0,"comment_status":"open","ping_status":"open","sticky":false,"template":"","format":"standard","meta":{"_monsterinsights_skip_tracking":false,"_monsterinsights_sitenote_active":false,"_monsterinsights_sitenote_note":"","_monsterinsights_sitenote_category":0,"_uf_show_specific_survey":0,"_uf_disable_surveys":false,"footnotes":""},"categories":[94,3,26,6,5,2],"tags":[957,956],"class_list":["post-22119","post","type-post","status-publish","format-standard","hentry","category-polecane","category-czestochowa-informacje","category-myszkow","category-pilka-nozna","category-sport","category-wiadomosci","tag-polonia-poraj","tag-uks-rakow-czestochowa"],"_links":{"self":[{"href":"https:\/\/gazetaregionalna.com\/index.php?rest_route=\/wp\/v2\/posts\/22119","targetHints":{"allow":["GET"]}}],"collection":[{"href":"https:\/\/gazetaregionalna.com\/index.php?rest_route=\/wp\/v2\/posts"}],"about":[{"href":"https:\/\/gazetaregionalna.com\/index.php?rest_route=\/wp\/v2\/types\/post"}],"author":[{"embeddable":true,"href":"https:\/\/gazetaregionalna.com\/index.php?rest_route=\/wp\/v2\/users\/12"}],"replies":[{"embeddable":true,"href":"https:\/\/gazetaregionalna.com\/index.php?rest_route=%2Fwp%2Fv2%2Fcomments&post=22119"}],"version-history":[{"count":2,"href":"https:\/\/gazetaregionalna.com\/index.php?rest_route=\/wp\/v2\/posts\/22119\/revisions"}],"predecessor-version":[{"id":22129,"href":"https:\/\/gazetaregionalna.com\/index.php?rest_route=\/wp\/v2\/posts\/22119\/revisions\/22129"}],"wp:attachment":[{"href":"https:\/\/gazetaregionalna.com\/index.php?rest_route=%2Fwp%2Fv2%2Fmedia&parent=22119"}],"wp:term":[{"taxonomy":"category","embeddable":true,"href":"https:\/\/gazetaregionalna.com\/index.php?rest_route=%2Fwp%2Fv2%2Fcategories&post=22119"},{"taxonomy":"post_tag","embeddable":true,"href":"https:\/\/gazetaregionalna.com\/index.php?rest_route=%2Fwp%2Fv2%2Ftags&post=22119"}],"curies":[{"name":"wp","href":"https:\/\/api.w.org\/{rel}","templated":true}]}}