{"id":2204,"date":"2019-02-26T09:07:52","date_gmt":"2019-02-26T09:07:52","guid":{"rendered":"http:\/\/gazetaregionalna.com\/?p=2204"},"modified":"2019-02-26T09:14:29","modified_gmt":"2019-02-26T09:14:29","slug":"kolejny-rewelacyjny-koncert-lublinieckich-artystow","status":"publish","type":"post","link":"https:\/\/gazetaregionalna.com\/?p=2204","title":{"rendered":"Kolejny rewelacyjny koncert lublinieckich artyst\u00f3w!"},"content":{"rendered":"<p align=\"JUSTIFY\">\n<p align=\"JUSTIFY\"><span style=\"font-family: Times New Roman, serif;\"><span style=\"font-size: medium;\"><span style=\"vertical-align: inherit;\"><span style=\"vertical-align: inherit;\">W sobotni i niedzielny wiecz\u00f3r (23 i 24 lutego 2019 roku) lubliniecka publiczno\u015b\u0107 wzi\u0119\u0142a udzia\u0142 w imponuj\u0105cym muzycznym widowisku przygotowanym przez Miejski Dom Kultury. <\/span><span style=\"vertical-align: inherit;\">Koncert muzyki filmowej, okaza\u0142 si\u0119 rewelacj\u0105 dla fan\u00f3w muzyki\u00a0<\/span><\/span><span style=\"vertical-align: inherit;\"><span style=\"vertical-align: inherit;\">i kina.\u00a0<\/span><\/span><\/span><\/span><span style=\"font-family: Times New Roman, serif;\"><span style=\"font-size: medium;\">Koncert muzyki filmowej, okaza\u0142 si\u0119 rewelacj\u0105 dla fan\u00f3w muzyki\u00a0 i kina. W niezwyk\u0142y klimat najwi\u0119kszych przeboj\u00f3w pochodz\u0105cych z najs\u0142ynniejszych dzie\u0142 kinematografii przenie\u015bli nas dzia\u0142aj\u0105cy przy lublinieckim domu kultury Miejska M\u0142odzie\u017cowa Orkiestra D\u0119ta oraz Gospelsi. We wsp\u00f3\u0142pracy z solistami: Magdalen\u0105 Maisel oraz Grzegorzem Wilkiem zaprezentowali widzom niezapomniane show zako\u0144czone bisami i owacjami na stoj\u0105co!<\/span><\/span><\/p>\n<p align=\"JUSTIFY\">\n<p align=\"JUSTIFY\"><img decoding=\"async\" class=\"size-full wp-image-2206 aligncenter lazyload\" data-src=\"http:\/\/gazetaregionalna.com\/wp-content\/uploads\/2019\/02\/atelier-20-e1551169702853.jpg\" alt=\"\" width=\"720\" height=\"481\" src=\"data:image\/svg+xml;base64,PHN2ZyB3aWR0aD0iMSIgaGVpZ2h0PSIxIiB4bWxucz0iaHR0cDovL3d3dy53My5vcmcvMjAwMC9zdmciPjwvc3ZnPg==\" style=\"--smush-placeholder-width: 720px; --smush-placeholder-aspect-ratio: 720\/481;\"><\/p>\n<p align=\"JUSTIFY\"><span style=\"font-family: Times New Roman, serif;\"><span style=\"font-size: medium;\">Zaprezentowana zosta\u0142a muzyka z 15 polskich i zagranicznych film\u00f3w. Koncert rozpocz\u0105\u0142 si\u0119 od przeboj\u00f3w kina akcji, us\u0142yszeli\u015bmy buduj\u0105ce napi\u0119cie \u201eMission Impossible\u201d oraz hity ze znanych produkcji z Jamesem Bondem w roli g\u0142\u00f3wnej takie jak \u201eGolden Eye\u201d, czy \u201eSkyfall\u201d. Pi\u0119kne wykonanie \u201eDumki na dwa serca\u201d przez Magdalen\u0119 Maisel spowodowa\u0142o, \u017ce na zape\u0142nionej sali zapanowa\u0142a zupe\u0142na cisza. Widownia entuzjastycznie przyj\u0119\u0142a wyst\u0119p charyzmatycznego Grzegorza Wilka, kt\u00f3ry przy piosence \u201eZa Zu Zi\u201d znanej z \u201eKariery Nikodema Dyzmy\u201d sk\u0142oni\u0142 wszystkich do wsp\u00f3lnego \u015bpiewania, a przy wykonaniu \u201eYou are the one that I want\u201d pochodz\u0105cej<br \/>\n<span style=\"vertical-align: inherit;\"><span style=\"vertical-align: inherit;\">z filmu &#8222;Grease&#8221; z Pani\u0105 Magdalen\u0105 porwali publiczno\u015b\u0107 do ta\u0144ca.\u00a0<\/span><\/span><\/span><\/span><\/p>\n<p align=\"JUSTIFY\"><img decoding=\"async\" class=\"size-full wp-image-2207 aligncenter lazyload\" data-src=\"http:\/\/gazetaregionalna.com\/wp-content\/uploads\/2019\/02\/atelier-31-e1551169762118.jpg\" alt=\"\" width=\"720\" height=\"481\" src=\"data:image\/svg+xml;base64,PHN2ZyB3aWR0aD0iMSIgaGVpZ2h0PSIxIiB4bWxucz0iaHR0cDovL3d3dy53My5vcmcvMjAwMC9zdmciPjwvc3ZnPg==\" style=\"--smush-placeholder-width: 720px; --smush-placeholder-aspect-ratio: 720\/481;\"><\/p>\n<p align=\"JUSTIFY\"><span style=\"font-family: Times New Roman, serif;\"><span style=\"font-size: medium;\">Ogromny szacunek nale\u017cy si\u0119 Gospelsom pod dow\u00f3dztwem Karoliny Wieczorek i Artura Tekielego, kt\u00f3rzy w profesjonalny spos\u00f3b wykonali bardzo trudne utwory: \u201eConquest of paradise\u201d, czy \u201eMoment for Morricone\u201d.<\/span><\/span><\/p>\n<p align=\"JUSTIFY\"><span style=\"font-family: Times New Roman, serif;\"><span style=\"font-size: medium;\">Jednak prawdziwe uznanie przys\u0142uguje lublinieckiej orkiestrze, kt\u00f3ra na czele\u00a0z kapelmistrzem Bart\u0142omiejem Pi\u0119t\u0105 zabra\u0142a publiczno\u015b\u0107 w niesamowit\u0105 podr\u00f3\u017c przez \u015bwiat d\u017awi\u0119k\u00f3w, gatunk\u00f3w i interpretacji. Mistrzowskie wykonanie spowodowa\u0142o, \u017ce oklaskom nie by\u0142o ko\u0144ca.<\/span><\/span><\/p>\n<p align=\"JUSTIFY\"><span style=\"vertical-align: inherit;\"><span style=\"vertical-align: inherit;\">fot. <\/span><span style=\"vertical-align: inherit;\">Atelier<\/span><\/span><\/p>\n","protected":false},"excerpt":{"rendered":"<p>W sobotni i niedzielny wiecz\u00f3r (23 i 24 lutego 2019 roku) lubliniecka publiczno\u015b\u0107 wzi\u0119\u0142a udzia\u0142 w imponuj\u0105cym muzycznym widowisku przygotowanym przez Miejski Dom Kultury.<\/p>\n","protected":false},"author":3,"featured_media":2206,"comment_status":"open","ping_status":"closed","sticky":false,"template":"","format":"standard","meta":{"_monsterinsights_skip_tracking":false,"_monsterinsights_sitenote_active":false,"_monsterinsights_sitenote_note":"","_monsterinsights_sitenote_category":0,"_uf_show_specific_survey":0,"_uf_disable_surveys":false,"footnotes":""},"categories":[12,25,13],"tags":[],"class_list":["post-2204","post","type-post","status-publish","format-standard","has-post-thumbnail","hentry","category-kultura-i-rozrywka","category-lubliniec","category-wydarzenia"],"_links":{"self":[{"href":"https:\/\/gazetaregionalna.com\/index.php?rest_route=\/wp\/v2\/posts\/2204","targetHints":{"allow":["GET"]}}],"collection":[{"href":"https:\/\/gazetaregionalna.com\/index.php?rest_route=\/wp\/v2\/posts"}],"about":[{"href":"https:\/\/gazetaregionalna.com\/index.php?rest_route=\/wp\/v2\/types\/post"}],"author":[{"embeddable":true,"href":"https:\/\/gazetaregionalna.com\/index.php?rest_route=\/wp\/v2\/users\/3"}],"replies":[{"embeddable":true,"href":"https:\/\/gazetaregionalna.com\/index.php?rest_route=%2Fwp%2Fv2%2Fcomments&post=2204"}],"version-history":[{"count":4,"href":"https:\/\/gazetaregionalna.com\/index.php?rest_route=\/wp\/v2\/posts\/2204\/revisions"}],"predecessor-version":[{"id":2214,"href":"https:\/\/gazetaregionalna.com\/index.php?rest_route=\/wp\/v2\/posts\/2204\/revisions\/2214"}],"wp:featuredmedia":[{"embeddable":true,"href":"https:\/\/gazetaregionalna.com\/index.php?rest_route=\/wp\/v2\/media\/2206"}],"wp:attachment":[{"href":"https:\/\/gazetaregionalna.com\/index.php?rest_route=%2Fwp%2Fv2%2Fmedia&parent=2204"}],"wp:term":[{"taxonomy":"category","embeddable":true,"href":"https:\/\/gazetaregionalna.com\/index.php?rest_route=%2Fwp%2Fv2%2Fcategories&post=2204"},{"taxonomy":"post_tag","embeddable":true,"href":"https:\/\/gazetaregionalna.com\/index.php?rest_route=%2Fwp%2Fv2%2Ftags&post=2204"}],"curies":[{"name":"wp","href":"https:\/\/api.w.org\/{rel}","templated":true}]}}