{"id":21928,"date":"2020-09-27T10:51:26","date_gmt":"2020-09-27T10:51:26","guid":{"rendered":"https:\/\/gazetaregionalna.com\/?p=21928"},"modified":"2020-09-27T10:51:27","modified_gmt":"2020-09-27T10:51:27","slug":"przerwa-w-dostawie-pradu-49","status":"publish","type":"post","link":"https:\/\/gazetaregionalna.com\/?p=21928","title":{"rendered":"UWAGA! Przerwa w dostawie pr\u0105du w powiecie myszkowskim!"},"content":{"rendered":"\n<h2 class=\"wp-block-heading\">Dystrybutor\npr\u0105du TAURON planuje przerw\u0119 w dostawie energii na najbli\u017csze 5 dni w powiecie myszkowskim.<\/h2>\n\n\n\n<p>Brak\nw dostawie energii nast\u0105pi w gminie:<\/p>\n\n\n\n<p><strong>Kozieg\u0142owy\n<\/strong><strong>30 wrze\u015bnia <\/strong><strong>2020 roku <\/strong>na ulicy:<\/p>\n\n\n\n<ul class=\"wp-block-list\"><li>Kozieg\u0142owy,\nul. Polna, ul. Mi\u0142a 16, ul. Porajska 23 i 27 od godziny <strong>&nbsp;8:30<\/strong>\ndo <strong>12:30.<\/strong><\/li><\/ul>\n\n\n\n<p><strong>Poraj 30 wrze\u015bnia 2020<\/strong> <strong>roku<\/strong> na ulicy:<\/p>\n\n\n\n<ul class=\"wp-block-list\"><li>ul.\nOkulickiego 3 od godziny <strong>&nbsp;8:00<\/strong> do <strong>13:00.<\/strong><\/li><\/ul>\n\n\n\n<p><strong>Poraj 01 pa\u017adziernika 2020<\/strong> <strong>roku<\/strong> na ulicy:<\/p>\n\n\n\n<ul class=\"wp-block-list\"><li>Poraj, ul. Osi\u0144ska, Kopalniana od\ngodziny <strong>&nbsp;8:00<\/strong> do <strong>17:00;<\/strong><\/li><li>Dzie\u017cno, dzia\u0142ki letniskowe, ul. Porajska 24,\n24A i 24B oraz od ZK1 do ZP5 i od ZK 7 do ZK 11, ul. D\u0119bowa od\ngodziny <strong>&nbsp;8:00<\/strong> do <strong>14:00.<\/strong><\/li><\/ul>\n\n\n\n<p>Dostawca\npr\u0105du TAURON przeprasza za utrudnienia.<\/p>\n\n\n\n<p>(\u0179r\u00f3d\u0142o:\nTAURON)<\/p>\n","protected":false},"excerpt":{"rendered":"<p>Dystrybutor pr\u0105du TAURON planuje przerw\u0119 w dostawie energii na najbli\u017csze 5 dni w powiecie myszkowskim. Brak w dostawie energii nast\u0105pi w gminie: Kozieg\u0142owy 30<\/p>\n","protected":false},"author":12,"featured_media":20314,"comment_status":"open","ping_status":"open","sticky":false,"template":"","format":"standard","meta":{"_monsterinsights_skip_tracking":false,"_monsterinsights_sitenote_active":false,"_monsterinsights_sitenote_note":"","_monsterinsights_sitenote_category":0,"_uf_show_specific_survey":0,"_uf_disable_surveys":false,"footnotes":""},"categories":[94,26,2],"tags":[728,727],"class_list":["post-21928","post","type-post","status-publish","format-standard","has-post-thumbnail","hentry","category-polecane","category-myszkow","category-wiadomosci","tag-brak-pradu","tag-tauron"],"_links":{"self":[{"href":"https:\/\/gazetaregionalna.com\/index.php?rest_route=\/wp\/v2\/posts\/21928","targetHints":{"allow":["GET"]}}],"collection":[{"href":"https:\/\/gazetaregionalna.com\/index.php?rest_route=\/wp\/v2\/posts"}],"about":[{"href":"https:\/\/gazetaregionalna.com\/index.php?rest_route=\/wp\/v2\/types\/post"}],"author":[{"embeddable":true,"href":"https:\/\/gazetaregionalna.com\/index.php?rest_route=\/wp\/v2\/users\/12"}],"replies":[{"embeddable":true,"href":"https:\/\/gazetaregionalna.com\/index.php?rest_route=%2Fwp%2Fv2%2Fcomments&post=21928"}],"version-history":[{"count":1,"href":"https:\/\/gazetaregionalna.com\/index.php?rest_route=\/wp\/v2\/posts\/21928\/revisions"}],"predecessor-version":[{"id":21929,"href":"https:\/\/gazetaregionalna.com\/index.php?rest_route=\/wp\/v2\/posts\/21928\/revisions\/21929"}],"wp:featuredmedia":[{"embeddable":true,"href":"https:\/\/gazetaregionalna.com\/index.php?rest_route=\/wp\/v2\/media\/20314"}],"wp:attachment":[{"href":"https:\/\/gazetaregionalna.com\/index.php?rest_route=%2Fwp%2Fv2%2Fmedia&parent=21928"}],"wp:term":[{"taxonomy":"category","embeddable":true,"href":"https:\/\/gazetaregionalna.com\/index.php?rest_route=%2Fwp%2Fv2%2Fcategories&post=21928"},{"taxonomy":"post_tag","embeddable":true,"href":"https:\/\/gazetaregionalna.com\/index.php?rest_route=%2Fwp%2Fv2%2Ftags&post=21928"}],"curies":[{"name":"wp","href":"https:\/\/api.w.org\/{rel}","templated":true}]}}