{"id":2153,"date":"2019-02-23T09:34:03","date_gmt":"2019-02-23T09:34:03","guid":{"rendered":"http:\/\/gazetaregionalna.com\/?p=2153"},"modified":"2019-02-23T09:34:03","modified_gmt":"2019-02-23T09:34:03","slug":"klub-zalozony-przez-mistrza-mma","status":"publish","type":"post","link":"https:\/\/gazetaregionalna.com\/?p=2153","title":{"rendered":"Klub za\u0142o\u017cony przez mistrza MMA"},"content":{"rendered":"<p>&nbsp;<\/p>\n<p><span style=\"font-family: Times New Roman, serif;\">Adrenalina Fight Cz\u0119stochowa oficjalnie powsta\u0142a w 2005 jako stowarzyszenie ludzi zainteresowanych sportami walki. Za\u0142o\u017cyciel Krzysztof Ku\u0142ak ju\u017c jako student Politechniki Cz\u0119stochowskiej prowadzi\u0142 sekcje AZS-u Judo\/Jiu-Jitsu w latach 2000-2005. I AFC powsta\u0142o na podwalinach trenuj\u0105cych student\u00f3w. Treningi MMA (Mixed Martial Arts &#8211; mieszane sztuki walki) w klubie s\u0105 dla m\u0142odzie\u017cy i doros\u0142ych. Nauczy\u0107 mo\u017cna si\u0119 tu r\u00f3wnie\u017c brazylijskiego Jiu-Jitsu (walka na chwyty w kimonie). Prowadzone s\u0105 tak\u017ce zaj\u0119cia Judo dla dzieci. Poza tym s\u0105 tak\u017ce treningi indywidualne.<\/span><\/p>\n<p><img decoding=\"async\" class=\"size-full wp-image-2156 aligncenter lazyload\" data-src=\"http:\/\/gazetaregionalna.com\/wp-content\/uploads\/2019\/02\/IMG_3456-1-e1550914397823.jpg\" alt=\"\" width=\"720\" height=\"428\" src=\"data:image\/svg+xml;base64,PHN2ZyB3aWR0aD0iMSIgaGVpZ2h0PSIxIiB4bWxucz0iaHR0cDovL3d3dy53My5vcmcvMjAwMC9zdmciPjwvc3ZnPg==\" style=\"--smush-placeholder-width: 720px; --smush-placeholder-aspect-ratio: 720\/428;\"><\/p>\n<p>&nbsp;<\/p>\n<p><span style=\"font-family: Times New Roman, serif;\">Od zawsze posiadali\u015bmy dwie grupy treningowe: zawodnicza i amatorska. Wychowankowie klubu Adrenalina Fight startowali w zawodach rangi og\u00f3lnopolskiej i \u015bwiatowej w MMA, BJJ (Brazylijskie Jiu-Jitsu) czy w Grapplingu (walka w parterze na chwyty bez kimon). Kadra instruktorska to wychowankowie klubu z wieloletnim sta\u017cem w AFC, po studiach na uczelniach wy\u017cszych takich jak np. AWF Katowice. Sam Ku\u0142ak jest mgr wychowania fizycznego. <\/span><\/p>\n<p><span style=\"font-family: Times New Roman, serif;\">Zawodnicy z klubu Adrenalina Fight startowali zawodniczo w takich galach MMA jak KSW, Fen, Celtic Gladiator czy PLMMA. Od lat ucz\u0105, wychowuj\u0105 i bawi\u0105. Klub wychowa\u0142 r\u00f3wnie\u017c wielu mundurowych. Nabory prowadzone s\u0105 trzy razy w roku. Obecnie trwa nab\u00f3r w lutym 2019r. do wszystkich grup. Spotkanie organizacyjne odb\u0119dzie si\u0119 28 lutego o godz. 17:45 w siedzibie klubu przy ul. \u015aw. Jana 24. Wej\u015bcie do \u201eEuro warsztatu\u201d. Wi\u0119cej informacji o klubie, jego dzia\u0142aniach i sukcesach na facebookowym funpageu pod nazw\u0105 <\/span><span style=\"color: #000000;\"><span style=\"font-family: Times New Roman, serif;\">Adrenalina Fight Cz\u0119stochowa<\/span><\/span><span style=\"font-family: Times New Roman, serif;\"> . <\/span><\/p>\n<p>&nbsp;<\/p>\n","protected":false},"excerpt":{"rendered":"<p>&nbsp; Adrenalina Fight Cz\u0119stochowa oficjalnie powsta\u0142a w 2005 jako stowarzyszenie ludzi zainteresowanych sportami walki. Za\u0142o\u017cyciel Krzysztof Ku\u0142ak ju\u017c jako student Politechniki Cz\u0119stochowskiej prowadzi\u0142 sekcje<\/p>\n","protected":false},"author":3,"featured_media":2154,"comment_status":"open","ping_status":"closed","sticky":false,"template":"","format":"standard","meta":{"_monsterinsights_skip_tracking":false,"_monsterinsights_sitenote_active":false,"_monsterinsights_sitenote_note":"","_monsterinsights_sitenote_category":0,"_uf_show_specific_survey":0,"_uf_disable_surveys":false,"footnotes":""},"categories":[3,11,5],"tags":[],"class_list":["post-2153","post","type-post","status-publish","format-standard","has-post-thumbnail","hentry","category-czestochowa-informacje","category-pozostale","category-sport"],"_links":{"self":[{"href":"https:\/\/gazetaregionalna.com\/index.php?rest_route=\/wp\/v2\/posts\/2153","targetHints":{"allow":["GET"]}}],"collection":[{"href":"https:\/\/gazetaregionalna.com\/index.php?rest_route=\/wp\/v2\/posts"}],"about":[{"href":"https:\/\/gazetaregionalna.com\/index.php?rest_route=\/wp\/v2\/types\/post"}],"author":[{"embeddable":true,"href":"https:\/\/gazetaregionalna.com\/index.php?rest_route=\/wp\/v2\/users\/3"}],"replies":[{"embeddable":true,"href":"https:\/\/gazetaregionalna.com\/index.php?rest_route=%2Fwp%2Fv2%2Fcomments&post=2153"}],"version-history":[{"count":1,"href":"https:\/\/gazetaregionalna.com\/index.php?rest_route=\/wp\/v2\/posts\/2153\/revisions"}],"predecessor-version":[{"id":2157,"href":"https:\/\/gazetaregionalna.com\/index.php?rest_route=\/wp\/v2\/posts\/2153\/revisions\/2157"}],"wp:featuredmedia":[{"embeddable":true,"href":"https:\/\/gazetaregionalna.com\/index.php?rest_route=\/wp\/v2\/media\/2154"}],"wp:attachment":[{"href":"https:\/\/gazetaregionalna.com\/index.php?rest_route=%2Fwp%2Fv2%2Fmedia&parent=2153"}],"wp:term":[{"taxonomy":"category","embeddable":true,"href":"https:\/\/gazetaregionalna.com\/index.php?rest_route=%2Fwp%2Fv2%2Fcategories&post=2153"},{"taxonomy":"post_tag","embeddable":true,"href":"https:\/\/gazetaregionalna.com\/index.php?rest_route=%2Fwp%2Fv2%2Ftags&post=2153"}],"curies":[{"name":"wp","href":"https:\/\/api.w.org\/{rel}","templated":true}]}}