{"id":21331,"date":"2020-09-19T08:53:17","date_gmt":"2020-09-19T08:53:17","guid":{"rendered":"https:\/\/gazetaregionalna.com\/?p=21331"},"modified":"2020-09-19T08:53:19","modified_gmt":"2020-09-19T08:53:19","slug":"grand-prix-2","status":"publish","type":"post","link":"https:\/\/gazetaregionalna.com\/?p=21331","title":{"rendered":"W fina\u0142owym biegu Grand Prix w Pradze zabrak\u0142o w pi\u0105tek \u017cu\u017clowc\u00f3w Eltrox W\u0142\u00f3kniarza"},"content":{"rendered":"\n<p>W pi\u0105tkowy wiecz\u00f3r w czeskiej Pradze\nodby\u0142a si\u0119 pi\u0105ta runda Grand Prix. Tym razem \u017cu\u017clowc\u00f3w Eltrox\nW\u0142\u00f3kniarza zabrak\u0142o w fina\u0142owym biegu. \n<\/p>\n\n\n\n<p>Po rundzie zasadniczej <strong>Fredrik Lindgren<\/strong>, <strong>Leon Madsen<\/strong> i <strong>Jason Doyle<\/strong> znale\u017ali si\u0119 w czo\u0142owej \u00f3semce i awansowali do p\u00f3\u0142fina\u0142\u00f3w, ale na nich zako\u0144czyli udzia\u0142 w zawodach. <strong>Lindgren<\/strong>, kt\u00f3ry przed turniejem w Pradze by\u0142 liderem cyklu Grand Prix w p\u00f3\u0142finale przyjecha\u0142 za plecami <strong>Emila Sajfutdinowa<\/strong> i <strong>Martina Vaculika<\/strong>. W drugim p\u00f3\u0142finale triumfowa\u0142 <strong>Bartosz Zmarzlik<\/strong> przed Tai <strong>Woffindenem<\/strong>. <strong>Madsen<\/strong> i <strong>Doyle<\/strong> w p\u00f3\u0142finale zanotowali wykluczenia za lotne starty&#8230;  <\/p>\n\n\n\n<p>W wielkim finale wygra\u0142 <strong>Zmarzlik<\/strong>. Drugi by\u0142 <strong>Woffinden<\/strong>, trzeci <strong>Vaculik<\/strong>, a ostatni <strong>Sajfutdinow<\/strong>.<\/p>\n\n\n\n<p>Foto: Gazeta Regionalna   <\/p>\n","protected":false},"excerpt":{"rendered":"<p>W pi\u0105tkowy wiecz\u00f3r w czeskiej Pradze odby\u0142a si\u0119 pi\u0105ta runda Grand Prix. Tym razem \u017cu\u017clowc\u00f3w Eltrox W\u0142\u00f3kniarza zabrak\u0142o w fina\u0142owym biegu. Po rundzie zasadniczej<\/p>\n","protected":false},"author":15,"featured_media":19291,"comment_status":"open","ping_status":"open","sticky":false,"template":"","format":"standard","meta":{"_monsterinsights_skip_tracking":false,"_monsterinsights_sitenote_active":false,"_monsterinsights_sitenote_note":"","_monsterinsights_sitenote_category":0,"_uf_show_specific_survey":0,"_uf_disable_surveys":false,"footnotes":""},"categories":[5,7],"tags":[102],"class_list":["post-21331","post","type-post","status-publish","format-standard","has-post-thumbnail","hentry","category-sport","category-zuzel","tag-zuzel"],"_links":{"self":[{"href":"https:\/\/gazetaregionalna.com\/index.php?rest_route=\/wp\/v2\/posts\/21331","targetHints":{"allow":["GET"]}}],"collection":[{"href":"https:\/\/gazetaregionalna.com\/index.php?rest_route=\/wp\/v2\/posts"}],"about":[{"href":"https:\/\/gazetaregionalna.com\/index.php?rest_route=\/wp\/v2\/types\/post"}],"author":[{"embeddable":true,"href":"https:\/\/gazetaregionalna.com\/index.php?rest_route=\/wp\/v2\/users\/15"}],"replies":[{"embeddable":true,"href":"https:\/\/gazetaregionalna.com\/index.php?rest_route=%2Fwp%2Fv2%2Fcomments&post=21331"}],"version-history":[{"count":1,"href":"https:\/\/gazetaregionalna.com\/index.php?rest_route=\/wp\/v2\/posts\/21331\/revisions"}],"predecessor-version":[{"id":21332,"href":"https:\/\/gazetaregionalna.com\/index.php?rest_route=\/wp\/v2\/posts\/21331\/revisions\/21332"}],"wp:featuredmedia":[{"embeddable":true,"href":"https:\/\/gazetaregionalna.com\/index.php?rest_route=\/wp\/v2\/media\/19291"}],"wp:attachment":[{"href":"https:\/\/gazetaregionalna.com\/index.php?rest_route=%2Fwp%2Fv2%2Fmedia&parent=21331"}],"wp:term":[{"taxonomy":"category","embeddable":true,"href":"https:\/\/gazetaregionalna.com\/index.php?rest_route=%2Fwp%2Fv2%2Fcategories&post=21331"},{"taxonomy":"post_tag","embeddable":true,"href":"https:\/\/gazetaregionalna.com\/index.php?rest_route=%2Fwp%2Fv2%2Ftags&post=21331"}],"curies":[{"name":"wp","href":"https:\/\/api.w.org\/{rel}","templated":true}]}}