{"id":21329,"date":"2020-09-19T08:19:58","date_gmt":"2020-09-19T08:19:58","guid":{"rendered":"https:\/\/gazetaregionalna.com\/?p=21329"},"modified":"2020-09-19T08:20:00","modified_gmt":"2020-09-19T08:20:00","slug":"czestochowianka-3","status":"publish","type":"post","link":"https:\/\/gazetaregionalna.com\/?p=21329","title":{"rendered":"Generalny sprawdzian siatkarek Galeria Jurajska Cz\u0119stochowianka odb\u0119dzie si\u0119 w Sosnowcu"},"content":{"rendered":"\n<p>W sobot\u0119 siatkarki Galeria Jurajska Cz\u0119stochowianka zagraj\u0105 w Sosnowcu w turnieju o puchar firmy Asotra, g\u0142\u00f3wnego sponsora siatkarek P\u0142omienia Sosnowiec. B\u0119d\u0105 to ostatnie mecze przed rozpocz\u0119ciem nowego sezonu w 1. lidze kobiet.  <\/p>\n\n\n\n<p>Turniej w Sosnowcu organizuje P\u0142omie\u0144\nAsotra Sosnowiec. Opr\u00f3cz gospodarzy i cz\u0119stochowskich siatkarek\nzagraj\u0105 te\u017c Jedynka Tarn\u00f3w i Politechnika \u015al\u0105ska Gliwice. \n<\/p>\n\n\n\n<p>Podopieczne trenera Andrzeja Stelmacha\nw p\u00f3\u0142finale zmierz\u0105 si\u0119 z Jedynk\u0105 Tarn\u00f3w. \n<\/p>\n","protected":false},"excerpt":{"rendered":"<p>W sobot\u0119 siatkarki Galeria Jurajska Cz\u0119stochowianka zagraj\u0105 w Sosnowcu w turnieju o puchar firmy Asotra, g\u0142\u00f3wnego sponsora siatkarek P\u0142omienia Sosnowiec. B\u0119d\u0105 to ostatnie mecze<\/p>\n","protected":false},"author":15,"featured_media":17849,"comment_status":"open","ping_status":"open","sticky":false,"template":"","format":"standard","meta":{"_monsterinsights_skip_tracking":false,"_monsterinsights_sitenote_active":false,"_monsterinsights_sitenote_note":"","_monsterinsights_sitenote_category":0,"_uf_show_specific_survey":0,"_uf_disable_surveys":false,"footnotes":""},"categories":[5,8],"tags":[],"class_list":["post-21329","post","type-post","status-publish","format-standard","has-post-thumbnail","hentry","category-sport","category-siatkowka"],"_links":{"self":[{"href":"https:\/\/gazetaregionalna.com\/index.php?rest_route=\/wp\/v2\/posts\/21329","targetHints":{"allow":["GET"]}}],"collection":[{"href":"https:\/\/gazetaregionalna.com\/index.php?rest_route=\/wp\/v2\/posts"}],"about":[{"href":"https:\/\/gazetaregionalna.com\/index.php?rest_route=\/wp\/v2\/types\/post"}],"author":[{"embeddable":true,"href":"https:\/\/gazetaregionalna.com\/index.php?rest_route=\/wp\/v2\/users\/15"}],"replies":[{"embeddable":true,"href":"https:\/\/gazetaregionalna.com\/index.php?rest_route=%2Fwp%2Fv2%2Fcomments&post=21329"}],"version-history":[{"count":1,"href":"https:\/\/gazetaregionalna.com\/index.php?rest_route=\/wp\/v2\/posts\/21329\/revisions"}],"predecessor-version":[{"id":21330,"href":"https:\/\/gazetaregionalna.com\/index.php?rest_route=\/wp\/v2\/posts\/21329\/revisions\/21330"}],"wp:featuredmedia":[{"embeddable":true,"href":"https:\/\/gazetaregionalna.com\/index.php?rest_route=\/wp\/v2\/media\/17849"}],"wp:attachment":[{"href":"https:\/\/gazetaregionalna.com\/index.php?rest_route=%2Fwp%2Fv2%2Fmedia&parent=21329"}],"wp:term":[{"taxonomy":"category","embeddable":true,"href":"https:\/\/gazetaregionalna.com\/index.php?rest_route=%2Fwp%2Fv2%2Fcategories&post=21329"},{"taxonomy":"post_tag","embeddable":true,"href":"https:\/\/gazetaregionalna.com\/index.php?rest_route=%2Fwp%2Fv2%2Ftags&post=21329"}],"curies":[{"name":"wp","href":"https:\/\/api.w.org\/{rel}","templated":true}]}}