{"id":21257,"date":"2020-09-18T08:24:25","date_gmt":"2020-09-18T08:24:25","guid":{"rendered":"https:\/\/gazetaregionalna.com\/?p=21257"},"modified":"2020-09-18T08:24:28","modified_gmt":"2020-09-18T08:24:28","slug":"bocar-3","status":"publish","type":"post","link":"https:\/\/gazetaregionalna.com\/?p=21257","title":{"rendered":"Juniorzy Bocar W\u0142\u00f3kniarz wicemistrzami Polski w parach"},"content":{"rendered":"\n<p>Bocar W\u0142\u00f3kniarz Cz\u0119stochowa\nwywalczy\u0142 wicemistrzostwo i srebrne medale w M\u0142odzie\u017cowych\nMistrzostwach Polski Par Klubowych \n<\/p>\n\n\n\n<p>Fina\u0142 MMPPK odby\u0142 si\u0119 na torze w\nRybniku. Cz\u0119stochowscy juniorzy mieli nawet szans\u0119 na z\u0142oty\nmedale, ale ostatecznie sko\u0144czy\u0142o si\u0119 bardzo dobrym drugim\nmiejscem i srebrnymi medalami MMPPK. \n<\/p>\n\n\n\n<p>W zespole Bocar W\u0142\u00f3kniarz je\u017adzili <strong>Jakub Mi\u015bkowiak<\/strong> i <strong>Mateusz \u015awidnicki<\/strong>. Rezerwowym by\u0142 <strong>Bart\u0142omiej Kowalski<\/strong>. <strong>Mi\u015bkowiak<\/strong> w 6 biegach wywalczy\u0142 11 punkt\u00f3w, a <strong>\u015awidnicki<\/strong> 13.  <\/p>\n\n\n\n<p>Z\u0142ote medale i mistrzostwo wywalczyli\nm\u0142odzie\u017cowcy z Zielonej G\u00f3ry (26 punkt\u00f3w), a na najni\u017cszym\nstopniu podium stan\u0119li juniorzy ze Stali Gorz\u00f3w (21 punkt\u00f3w). \n<\/p>\n\n\n\n<p>Pozosta\u0142e miejsca zaj\u0119li: 4. T\u017b Ostrovia Ostr\u00f3w Wielkopolski (17), 5. ROW Rybnik (14), 6. Motor Lublin (14), 7. GKM Grudzi\u0105dz (10).  <\/p>\n\n\n\n<p>Foto: W\u0142\u00f3kniarz Cz\u0119stochowa (www.wlokniarz.com)<\/p>\n","protected":false},"excerpt":{"rendered":"<p>Bocar W\u0142\u00f3kniarz Cz\u0119stochowa wywalczy\u0142 wicemistrzostwo i srebrne medale w M\u0142odzie\u017cowych Mistrzostwach Polski Par Klubowych Fina\u0142 MMPPK odby\u0142 si\u0119 na torze w Rybniku. Cz\u0119stochowscy juniorzy<\/p>\n","protected":false},"author":15,"featured_media":21260,"comment_status":"open","ping_status":"open","sticky":false,"template":"","format":"standard","meta":{"_monsterinsights_skip_tracking":false,"_monsterinsights_sitenote_active":false,"_monsterinsights_sitenote_note":"","_monsterinsights_sitenote_category":0,"_uf_show_specific_survey":0,"_uf_disable_surveys":false,"footnotes":""},"categories":[5,7],"tags":[324],"class_list":["post-21257","post","type-post","status-publish","format-standard","has-post-thumbnail","hentry","category-sport","category-zuzel","tag-bocar-wlokniarz-czestochowa"],"_links":{"self":[{"href":"https:\/\/gazetaregionalna.com\/index.php?rest_route=\/wp\/v2\/posts\/21257","targetHints":{"allow":["GET"]}}],"collection":[{"href":"https:\/\/gazetaregionalna.com\/index.php?rest_route=\/wp\/v2\/posts"}],"about":[{"href":"https:\/\/gazetaregionalna.com\/index.php?rest_route=\/wp\/v2\/types\/post"}],"author":[{"embeddable":true,"href":"https:\/\/gazetaregionalna.com\/index.php?rest_route=\/wp\/v2\/users\/15"}],"replies":[{"embeddable":true,"href":"https:\/\/gazetaregionalna.com\/index.php?rest_route=%2Fwp%2Fv2%2Fcomments&post=21257"}],"version-history":[{"count":2,"href":"https:\/\/gazetaregionalna.com\/index.php?rest_route=\/wp\/v2\/posts\/21257\/revisions"}],"predecessor-version":[{"id":21264,"href":"https:\/\/gazetaregionalna.com\/index.php?rest_route=\/wp\/v2\/posts\/21257\/revisions\/21264"}],"wp:featuredmedia":[{"embeddable":true,"href":"https:\/\/gazetaregionalna.com\/index.php?rest_route=\/wp\/v2\/media\/21260"}],"wp:attachment":[{"href":"https:\/\/gazetaregionalna.com\/index.php?rest_route=%2Fwp%2Fv2%2Fmedia&parent=21257"}],"wp:term":[{"taxonomy":"category","embeddable":true,"href":"https:\/\/gazetaregionalna.com\/index.php?rest_route=%2Fwp%2Fv2%2Fcategories&post=21257"},{"taxonomy":"post_tag","embeddable":true,"href":"https:\/\/gazetaregionalna.com\/index.php?rest_route=%2Fwp%2Fv2%2Ftags&post=21257"}],"curies":[{"name":"wp","href":"https:\/\/api.w.org\/{rel}","templated":true}]}}