{"id":21035,"date":"2020-09-17T08:38:13","date_gmt":"2020-09-17T08:38:13","guid":{"rendered":"https:\/\/gazetaregionalna.com\/?p=21035"},"modified":"2020-09-17T08:38:16","modified_gmt":"2020-09-17T08:38:16","slug":"sp-nr-1-w-klobucku","status":"publish","type":"post","link":"https:\/\/gazetaregionalna.com\/?p=21035","title":{"rendered":"SP nr 1 w K\u0142obucku b\u0119dzie mie\u0107 now\u0105 sal\u0119 gimnastyczn\u0105"},"content":{"rendered":"\n<h2 class=\"wp-block-heading\">Gmina K\u0142obuck uzyska\u0142a pozytywn\u0105 opini\u0119 wniosku na\u00a0budow\u0119 sali gimnastycznej wraz z zapleczem przy <strong>Szkole Podstawowej nr 1 w K\u0142obucku<\/strong>. <\/h2>\n\n\n\n<p>Inwestycja\nobejmuje budow\u0119 budynku sali gimnastycznej, zaplecza szatniowo-sanitarnego oraz\n\u0142\u0105cznika z istniej\u0105cym budynkiem wyposa\u017conego w d\u017awig osobowy dla komunikacji\nos\u00f3b niepe\u0142nosprawnych. <\/p>\n\n\n\n<figure class=\"wp-block-image size-large\"><img decoding=\"async\" width=\"1024\" height=\"430\" data-src=\"https:\/\/gazetaregionalna.com\/wp-content\/uploads\/2020\/09\/elewacja-po\u0142udniowa2-1024x430.jpg\" alt=\"\" class=\"wp-image-21044 lazyload\" data-srcset=\"https:\/\/gazetaregionalna.com\/wp-content\/uploads\/2020\/09\/elewacja-po\u0142udniowa2-1024x430.jpg 1024w, https:\/\/gazetaregionalna.com\/wp-content\/uploads\/2020\/09\/elewacja-po\u0142udniowa2-300x126.jpg 300w, https:\/\/gazetaregionalna.com\/wp-content\/uploads\/2020\/09\/elewacja-po\u0142udniowa2-768x323.jpg 768w, https:\/\/gazetaregionalna.com\/wp-content\/uploads\/2020\/09\/elewacja-po\u0142udniowa2-1536x646.jpg 1536w, https:\/\/gazetaregionalna.com\/wp-content\/uploads\/2020\/09\/elewacja-po\u0142udniowa2-696x293.jpg 696w, https:\/\/gazetaregionalna.com\/wp-content\/uploads\/2020\/09\/elewacja-po\u0142udniowa2-1068x449.jpg 1068w, https:\/\/gazetaregionalna.com\/wp-content\/uploads\/2020\/09\/elewacja-po\u0142udniowa2-999x420.jpg 999w, https:\/\/gazetaregionalna.com\/wp-content\/uploads\/2020\/09\/elewacja-po\u0142udniowa2.jpg 1200w\" data-sizes=\"(max-width: 1024px) 100vw, 1024px\" src=\"data:image\/svg+xml;base64,PHN2ZyB3aWR0aD0iMSIgaGVpZ2h0PSIxIiB4bWxucz0iaHR0cDovL3d3dy53My5vcmcvMjAwMC9zdmciPjwvc3ZnPg==\" style=\"--smush-placeholder-width: 1024px; --smush-placeholder-aspect-ratio: 1024\/430;\" \/><figcaption>Fot: Gmina K\u0142obuck<\/figcaption><\/figure>\n\n\n\n<p>Jej\nog\u00f3lny koszt to&nbsp;<strong>ponad 6 mln z<\/strong>\u0142, w kt\u00f3rym\njest&nbsp; dofinansowanie z&nbsp; Ministerstwa\nSportu, w ramach programu \u201eSportowa Polska \u2013 Program rozwoju lokalnej\ninfrastruktury sportowej\u201d w kwocie&nbsp;<strong>1 871 500,00 z\u0142.<\/strong>&nbsp;<\/p>\n\n\n\n<p>Okres realizacji zadania przewidziano <strong>na lata 2021-2022<\/strong>.<\/p>\n\n\n\n<p>Szczeg\u00f3lne podzi\u0119kowania za wsparcie\ntrafi\u0142y do Pani Pose\u0142 Lidii Burzy\u0144skiej. <\/p>\n","protected":false},"excerpt":{"rendered":"<p>Gmina K\u0142obuck uzyska\u0142a pozytywn\u0105 opini\u0119 wniosku na\u00a0budow\u0119 sali gimnastycznej wraz z zapleczem przy Szkole Podstawowej nr 1 w K\u0142obucku. Inwestycja obejmuje budow\u0119 budynku sali<\/p>\n","protected":false},"author":12,"featured_media":21045,"comment_status":"open","ping_status":"open","sticky":false,"template":"","format":"standard","meta":{"_monsterinsights_skip_tracking":false,"_monsterinsights_sitenote_active":false,"_monsterinsights_sitenote_note":"","_monsterinsights_sitenote_category":0,"_uf_show_specific_survey":0,"_uf_disable_surveys":false,"footnotes":""},"categories":[94,20,15,41,33,27,2],"tags":[280,854],"class_list":["post-21035","post","type-post","status-publish","format-standard","has-post-thumbnail","hentry","category-polecane","category-budownictwo","category-dla-dzieci","category-edukacja","category-inwestycje","category-klobuck-informacje","category-wiadomosci","tag-klobuck","tag-sp-nr-1"],"_links":{"self":[{"href":"https:\/\/gazetaregionalna.com\/index.php?rest_route=\/wp\/v2\/posts\/21035","targetHints":{"allow":["GET"]}}],"collection":[{"href":"https:\/\/gazetaregionalna.com\/index.php?rest_route=\/wp\/v2\/posts"}],"about":[{"href":"https:\/\/gazetaregionalna.com\/index.php?rest_route=\/wp\/v2\/types\/post"}],"author":[{"embeddable":true,"href":"https:\/\/gazetaregionalna.com\/index.php?rest_route=\/wp\/v2\/users\/12"}],"replies":[{"embeddable":true,"href":"https:\/\/gazetaregionalna.com\/index.php?rest_route=%2Fwp%2Fv2%2Fcomments&post=21035"}],"version-history":[{"count":2,"href":"https:\/\/gazetaregionalna.com\/index.php?rest_route=\/wp\/v2\/posts\/21035\/revisions"}],"predecessor-version":[{"id":21053,"href":"https:\/\/gazetaregionalna.com\/index.php?rest_route=\/wp\/v2\/posts\/21035\/revisions\/21053"}],"wp:featuredmedia":[{"embeddable":true,"href":"https:\/\/gazetaregionalna.com\/index.php?rest_route=\/wp\/v2\/media\/21045"}],"wp:attachment":[{"href":"https:\/\/gazetaregionalna.com\/index.php?rest_route=%2Fwp%2Fv2%2Fmedia&parent=21035"}],"wp:term":[{"taxonomy":"category","embeddable":true,"href":"https:\/\/gazetaregionalna.com\/index.php?rest_route=%2Fwp%2Fv2%2Fcategories&post=21035"},{"taxonomy":"post_tag","embeddable":true,"href":"https:\/\/gazetaregionalna.com\/index.php?rest_route=%2Fwp%2Fv2%2Ftags&post=21035"}],"curies":[{"name":"wp","href":"https:\/\/api.w.org\/{rel}","templated":true}]}}