{"id":21008,"date":"2020-09-17T07:59:19","date_gmt":"2020-09-17T07:59:19","guid":{"rendered":"https:\/\/gazetaregionalna.com\/?p=21008"},"modified":"2020-09-17T20:24:59","modified_gmt":"2020-09-17T20:24:59","slug":"kmicic","status":"publish","type":"post","link":"https:\/\/gazetaregionalna.com\/?p=21008","title":{"rendered":"Szpadzi\u015bci Kmicica na podium"},"content":{"rendered":"\n<p>Z bardzo dobrej strony zaprezentowali si\u0119 zawodnicy WLKS-u Kmicic Cz\u0119stochowa w mistrzostwach \u015al\u0105ska junior\u00f3w m\u0142odszych w szpadzie. Podopieczni trenera <strong>Andrzeja Zagu\u0142y<\/strong> w konkursie dru\u017cynowym zdobyli br\u0105zowy medal.  <\/p>\n\n\n\n<p>Mistrzostwa wojew\u00f3dztwa \u015bl\u0105skiego junior\u00f3w m\u0142odszych w szpadzie odby\u0142y si\u0119 w po\u0142owie wrze\u015bnia w Siemianowicach \u015al\u0105skich. &#8211; Indywidualnie zawodniczy WLKS Kmicic Cz\u0119stochowa uplasowali si\u0119 w czo\u0142\u00f3wce turnieju\u2013 m\u00f3wi trener WLKS-u Kmicic <strong>Andrzej Zagu\u0142a<\/strong>. &#8211; 7. miejsca zaj\u0105\u0142 <strong>Marcin \u017belazny<\/strong>; 8. by\u0142 <strong>Miko\u0142aj Pucha\u0142a<\/strong>, a na 9. pozycji zosta\u0142 sklasyfikowany <strong>\u0141ukasz Parafiniuk<\/strong>.  <\/p>\n\n\n\n<figure class=\"wp-block-image size-large\"><img decoding=\"async\" width=\"1024\" height=\"768\" data-src=\"https:\/\/gazetaregionalna.com\/wp-content\/uploads\/2020\/09\/WLKS-Kmicic-2-1024x768.jpg\" alt=\"\" class=\"wp-image-21010 lazyload\" data-srcset=\"https:\/\/gazetaregionalna.com\/wp-content\/uploads\/2020\/09\/WLKS-Kmicic-2-1024x768.jpg 1024w, https:\/\/gazetaregionalna.com\/wp-content\/uploads\/2020\/09\/WLKS-Kmicic-2-300x225.jpg 300w, https:\/\/gazetaregionalna.com\/wp-content\/uploads\/2020\/09\/WLKS-Kmicic-2-768x576.jpg 768w, https:\/\/gazetaregionalna.com\/wp-content\/uploads\/2020\/09\/WLKS-Kmicic-2-1536x1153.jpg 1536w, https:\/\/gazetaregionalna.com\/wp-content\/uploads\/2020\/09\/WLKS-Kmicic-2-80x60.jpg 80w, https:\/\/gazetaregionalna.com\/wp-content\/uploads\/2020\/09\/WLKS-Kmicic-2-265x198.jpg 265w, https:\/\/gazetaregionalna.com\/wp-content\/uploads\/2020\/09\/WLKS-Kmicic-2-696x522.jpg 696w, https:\/\/gazetaregionalna.com\/wp-content\/uploads\/2020\/09\/WLKS-Kmicic-2-1068x802.jpg 1068w, https:\/\/gazetaregionalna.com\/wp-content\/uploads\/2020\/09\/WLKS-Kmicic-2-560x420.jpg 560w, https:\/\/gazetaregionalna.com\/wp-content\/uploads\/2020\/09\/WLKS-Kmicic-2.jpg 1200w\" data-sizes=\"(max-width: 1024px) 100vw, 1024px\" src=\"data:image\/svg+xml;base64,PHN2ZyB3aWR0aD0iMSIgaGVpZ2h0PSIxIiB4bWxucz0iaHR0cDovL3d3dy53My5vcmcvMjAwMC9zdmciPjwvc3ZnPg==\" style=\"--smush-placeholder-width: 1024px; --smush-placeholder-aspect-ratio: 1024\/768;\" \/><\/figure>\n\n\n\n<p><strong>\u017belazny<\/strong>, <strong>Pucha\u0142a<\/strong> i <strong>Parafiniuk<\/strong> tworzyli te\u017c dru\u017cyn\u0119 WLKS-u Kmicic w konkurencji zespo\u0142owej. &#8211; Nasi zawodnicy w konkursie dru\u017cynowym zdobyli br\u0105zowy medal &#8211; dodaje prezes WLKS Kmicic Stanis\u0142aw S\u0105czek. <\/p>\n\n\n\n<figure class=\"wp-block-image size-large\"><img decoding=\"async\" width=\"576\" height=\"1024\" data-src=\"https:\/\/gazetaregionalna.com\/wp-content\/uploads\/2020\/09\/WLKS-Kmicic-1-576x1024.jpg\" alt=\"\" class=\"wp-image-21009 lazyload\" data-srcset=\"https:\/\/gazetaregionalna.com\/wp-content\/uploads\/2020\/09\/WLKS-Kmicic-1-576x1024.jpg 576w, https:\/\/gazetaregionalna.com\/wp-content\/uploads\/2020\/09\/WLKS-Kmicic-1-169x300.jpg 169w, https:\/\/gazetaregionalna.com\/wp-content\/uploads\/2020\/09\/WLKS-Kmicic-1-768x1365.jpg 768w, https:\/\/gazetaregionalna.com\/wp-content\/uploads\/2020\/09\/WLKS-Kmicic-1-864x1536.jpg 864w, https:\/\/gazetaregionalna.com\/wp-content\/uploads\/2020\/09\/WLKS-Kmicic-1-696x1237.jpg 696w, https:\/\/gazetaregionalna.com\/wp-content\/uploads\/2020\/09\/WLKS-Kmicic-1-236x420.jpg 236w, https:\/\/gazetaregionalna.com\/wp-content\/uploads\/2020\/09\/WLKS-Kmicic-1.jpg 900w\" data-sizes=\"(max-width: 576px) 100vw, 576px\" src=\"data:image\/svg+xml;base64,PHN2ZyB3aWR0aD0iMSIgaGVpZ2h0PSIxIiB4bWxucz0iaHR0cDovL3d3dy53My5vcmcvMjAwMC9zdmciPjwvc3ZnPg==\" style=\"--smush-placeholder-width: 576px; --smush-placeholder-aspect-ratio: 576\/1024;\" \/><\/figure>\n\n\n\n<p>Medale zdobyte w m\u0142odzie\u017cowych mistrzostwach to dobry prognostyk na przysz\u0142o\u015b\u0107 dla zawodnik\u00f3w WLKS-u Kmicic.<\/p>\n\n\n\n<figure class=\"wp-block-image size-large\"><img decoding=\"async\" width=\"768\" height=\"1024\" data-src=\"https:\/\/gazetaregionalna.com\/wp-content\/uploads\/2020\/09\/WLKS-Kmicic-3-768x1024.jpg\" alt=\"\" class=\"wp-image-21011 lazyload\" data-srcset=\"https:\/\/gazetaregionalna.com\/wp-content\/uploads\/2020\/09\/WLKS-Kmicic-3-768x1024.jpg 768w, https:\/\/gazetaregionalna.com\/wp-content\/uploads\/2020\/09\/WLKS-Kmicic-3-225x300.jpg 225w, https:\/\/gazetaregionalna.com\/wp-content\/uploads\/2020\/09\/WLKS-Kmicic-3-696x928.jpg 696w, https:\/\/gazetaregionalna.com\/wp-content\/uploads\/2020\/09\/WLKS-Kmicic-3-315x420.jpg 315w, https:\/\/gazetaregionalna.com\/wp-content\/uploads\/2020\/09\/WLKS-Kmicic-3.jpg 864w\" data-sizes=\"(max-width: 768px) 100vw, 768px\" src=\"data:image\/svg+xml;base64,PHN2ZyB3aWR0aD0iMSIgaGVpZ2h0PSIxIiB4bWxucz0iaHR0cDovL3d3dy53My5vcmcvMjAwMC9zdmciPjwvc3ZnPg==\" style=\"--smush-placeholder-width: 768px; --smush-placeholder-aspect-ratio: 768\/1024;\" \/><\/figure>\n\n\n\n<p>Foto: Archiwum Andrzeja Zagu\u0142y  <\/p>\n","protected":false},"excerpt":{"rendered":"<p>Z bardzo dobrej strony zaprezentowali si\u0119 zawodnicy WLKS-u Kmicic Cz\u0119stochowa w mistrzostwach \u015al\u0105ska junior\u00f3w m\u0142odszych w szpadzie. Podopieczni trenera Andrzeja Zagu\u0142y w konkursie dru\u017cynowym<\/p>\n","protected":false},"author":15,"featured_media":21009,"comment_status":"open","ping_status":"open","sticky":false,"template":"","format":"standard","meta":{"_monsterinsights_skip_tracking":false,"_monsterinsights_sitenote_active":false,"_monsterinsights_sitenote_note":"","_monsterinsights_sitenote_category":0,"_uf_show_specific_survey":0,"_uf_disable_surveys":false,"footnotes":""},"categories":[5,11],"tags":[852,853,851],"class_list":["post-21008","post","type-post","status-publish","format-standard","has-post-thumbnail","hentry","category-sport","category-pozostale","tag-andrzej-zagula","tag-stanisla-saczek","tag-wlks-kmicic-czestochowa"],"_links":{"self":[{"href":"https:\/\/gazetaregionalna.com\/index.php?rest_route=\/wp\/v2\/posts\/21008","targetHints":{"allow":["GET"]}}],"collection":[{"href":"https:\/\/gazetaregionalna.com\/index.php?rest_route=\/wp\/v2\/posts"}],"about":[{"href":"https:\/\/gazetaregionalna.com\/index.php?rest_route=\/wp\/v2\/types\/post"}],"author":[{"embeddable":true,"href":"https:\/\/gazetaregionalna.com\/index.php?rest_route=\/wp\/v2\/users\/15"}],"replies":[{"embeddable":true,"href":"https:\/\/gazetaregionalna.com\/index.php?rest_route=%2Fwp%2Fv2%2Fcomments&post=21008"}],"version-history":[{"count":7,"href":"https:\/\/gazetaregionalna.com\/index.php?rest_route=\/wp\/v2\/posts\/21008\/revisions"}],"predecessor-version":[{"id":21228,"href":"https:\/\/gazetaregionalna.com\/index.php?rest_route=\/wp\/v2\/posts\/21008\/revisions\/21228"}],"wp:featuredmedia":[{"embeddable":true,"href":"https:\/\/gazetaregionalna.com\/index.php?rest_route=\/wp\/v2\/media\/21009"}],"wp:attachment":[{"href":"https:\/\/gazetaregionalna.com\/index.php?rest_route=%2Fwp%2Fv2%2Fmedia&parent=21008"}],"wp:term":[{"taxonomy":"category","embeddable":true,"href":"https:\/\/gazetaregionalna.com\/index.php?rest_route=%2Fwp%2Fv2%2Fcategories&post=21008"},{"taxonomy":"post_tag","embeddable":true,"href":"https:\/\/gazetaregionalna.com\/index.php?rest_route=%2Fwp%2Fv2%2Ftags&post=21008"}],"curies":[{"name":"wp","href":"https:\/\/api.w.org\/{rel}","templated":true}]}}