{"id":20985,"date":"2020-09-17T07:35:28","date_gmt":"2020-09-17T07:35:28","guid":{"rendered":"https:\/\/gazetaregionalna.com\/?p=20985"},"modified":"2020-09-17T07:38:30","modified_gmt":"2020-09-17T07:38:30","slug":"lublinieckie-centrum-przesiadkowe-otwarte","status":"publish","type":"post","link":"https:\/\/gazetaregionalna.com\/?p=20985","title":{"rendered":"Lublinieckie Centrum Przesiadkowe otwarte"},"content":{"rendered":"\n<h2 class=\"wp-block-heading\"> Lublinieckie Centrum Przesiadkowe otwarte.<\/h2>\n\n\n\n<p>\nWypuszczeniem\nw niebo bia\u0142o-czerwonych balon\u00f3w burmistrz Lubli\u0144ca Edward Maniura\nsymbolicznie zainaugurowa\u0142 w \u015brodowe popo\u0142udnie dzia\u0142alno\u015b\u0107\nCentrum Przesiadkowego przy dworcach PKS i PKP.<\/p>\n\n\n\n<figure class=\"wp-block-image size-large\"><img decoding=\"async\" width=\"960\" height=\"640\" data-src=\"https:\/\/gazetaregionalna.com\/wp-content\/uploads\/2020\/09\/wezel2.jpg\" alt=\"\" class=\"wp-image-20987 lazyload\" data-srcset=\"https:\/\/gazetaregionalna.com\/wp-content\/uploads\/2020\/09\/wezel2.jpg 960w, https:\/\/gazetaregionalna.com\/wp-content\/uploads\/2020\/09\/wezel2-300x200.jpg 300w, https:\/\/gazetaregionalna.com\/wp-content\/uploads\/2020\/09\/wezel2-768x512.jpg 768w, https:\/\/gazetaregionalna.com\/wp-content\/uploads\/2020\/09\/wezel2-696x464.jpg 696w, https:\/\/gazetaregionalna.com\/wp-content\/uploads\/2020\/09\/wezel2-630x420.jpg 630w\" data-sizes=\"(max-width: 960px) 100vw, 960px\" src=\"data:image\/svg+xml;base64,PHN2ZyB3aWR0aD0iMSIgaGVpZ2h0PSIxIiB4bWxucz0iaHR0cDovL3d3dy53My5vcmcvMjAwMC9zdmciPjwvc3ZnPg==\" style=\"--smush-placeholder-width: 960px; --smush-placeholder-aspect-ratio: 960\/640;\" \/><\/figure>\n\n\n\n<p>\nW\u0119ze\u0142\nprzesiadkowy  &#8222;Park&amp;ride&#8221; w Lubli\u0144cu wraz\nz towarzysz\u0105cymi mu inwestycjami\nkosztowa\u0142 66 mln z\u0142otych. Samorz\u0105dowi uda\u0142o si\u0119 pozyska\u0107 na t\u0119\ninwestycj\u0119 a\u017c  54 mln z\u0142otych unijnej dotacji. Samo\nlublinieckie centrum przesiadkowe kosztowa\u0142o blisko\n20,1 mln\nz\u0142, a z tego dofinansowanie unijne wynios\u0142o 17,6 mln z\u0142. \n<\/p>\n\n\n\n<figure class=\"wp-block-image size-large\"><img decoding=\"async\" width=\"960\" height=\"640\" data-src=\"https:\/\/gazetaregionalna.com\/wp-content\/uploads\/2020\/09\/wezel3.jpg\" alt=\"\" class=\"wp-image-20988 lazyload\" data-srcset=\"https:\/\/gazetaregionalna.com\/wp-content\/uploads\/2020\/09\/wezel3.jpg 960w, https:\/\/gazetaregionalna.com\/wp-content\/uploads\/2020\/09\/wezel3-300x200.jpg 300w, https:\/\/gazetaregionalna.com\/wp-content\/uploads\/2020\/09\/wezel3-768x512.jpg 768w, https:\/\/gazetaregionalna.com\/wp-content\/uploads\/2020\/09\/wezel3-696x464.jpg 696w, https:\/\/gazetaregionalna.com\/wp-content\/uploads\/2020\/09\/wezel3-630x420.jpg 630w\" data-sizes=\"(max-width: 960px) 100vw, 960px\" src=\"data:image\/svg+xml;base64,PHN2ZyB3aWR0aD0iMSIgaGVpZ2h0PSIxIiB4bWxucz0iaHR0cDovL3d3dy53My5vcmcvMjAwMC9zdmciPjwvc3ZnPg==\" style=\"--smush-placeholder-width: 960px; --smush-placeholder-aspect-ratio: 960\/640;\" \/><\/figure>\n\n\n\n<p> Jak przypomnia\u0142 w trakcie oficjalnego otwarcia w\u0119z\u0142a przesiadkowego burmistrz Maniura, Centrum Przesiadkowe, to nie tylko  czteropoziomowy parking, wiata przystankowa wraz z miejscami postojowymi dla autobus\u00f3w, a tak\u017ce parking dla oko\u0142o 80 rower\u00f3w z samoobs\u0142ugowym punktem naprawy, ale tak\u017ce 45 km \u015bcie\u017cek rowerowych oraz odnowione centrum miasta.<\/p>\n\n\n\n<p> W trakcie uroczysto\u015bci  burmistrz Maniura wspomnia\u0142, \u017ce Lubliniec przygotowuje si\u0119 do uruchomienia zal\u0105\u017cka komunikacji miejskiej.  <\/p>\n\n\n\n<p>\n(IBS,\nfot.Monika\nBregu\u0142a\n)<\/p>\n","protected":false},"excerpt":{"rendered":"<p>Lublinieckie Centrum Przesiadkowe otwarte. Wypuszczeniem w niebo bia\u0142o-czerwonych balon\u00f3w burmistrz Lubli\u0144ca Edward Maniura symbolicznie zainaugurowa\u0142 w \u015brodowe popo\u0142udnie dzia\u0142alno\u015b\u0107 Centrum Przesiadkowego przy dworcach PKS<\/p>\n","protected":false},"author":7,"featured_media":20989,"comment_status":"open","ping_status":"open","sticky":false,"template":"","format":"standard","meta":{"_monsterinsights_skip_tracking":false,"_monsterinsights_sitenote_active":false,"_monsterinsights_sitenote_note":"","_monsterinsights_sitenote_category":0,"_uf_show_specific_survey":0,"_uf_disable_surveys":false,"footnotes":""},"categories":[94,25,2],"tags":[],"class_list":["post-20985","post","type-post","status-publish","format-standard","has-post-thumbnail","hentry","category-polecane","category-lubliniec","category-wiadomosci"],"_links":{"self":[{"href":"https:\/\/gazetaregionalna.com\/index.php?rest_route=\/wp\/v2\/posts\/20985","targetHints":{"allow":["GET"]}}],"collection":[{"href":"https:\/\/gazetaregionalna.com\/index.php?rest_route=\/wp\/v2\/posts"}],"about":[{"href":"https:\/\/gazetaregionalna.com\/index.php?rest_route=\/wp\/v2\/types\/post"}],"author":[{"embeddable":true,"href":"https:\/\/gazetaregionalna.com\/index.php?rest_route=\/wp\/v2\/users\/7"}],"replies":[{"embeddable":true,"href":"https:\/\/gazetaregionalna.com\/index.php?rest_route=%2Fwp%2Fv2%2Fcomments&post=20985"}],"version-history":[{"count":4,"href":"https:\/\/gazetaregionalna.com\/index.php?rest_route=\/wp\/v2\/posts\/20985\/revisions"}],"predecessor-version":[{"id":20992,"href":"https:\/\/gazetaregionalna.com\/index.php?rest_route=\/wp\/v2\/posts\/20985\/revisions\/20992"}],"wp:featuredmedia":[{"embeddable":true,"href":"https:\/\/gazetaregionalna.com\/index.php?rest_route=\/wp\/v2\/media\/20989"}],"wp:attachment":[{"href":"https:\/\/gazetaregionalna.com\/index.php?rest_route=%2Fwp%2Fv2%2Fmedia&parent=20985"}],"wp:term":[{"taxonomy":"category","embeddable":true,"href":"https:\/\/gazetaregionalna.com\/index.php?rest_route=%2Fwp%2Fv2%2Fcategories&post=20985"},{"taxonomy":"post_tag","embeddable":true,"href":"https:\/\/gazetaregionalna.com\/index.php?rest_route=%2Fwp%2Fv2%2Ftags&post=20985"}],"curies":[{"name":"wp","href":"https:\/\/api.w.org\/{rel}","templated":true}]}}