{"id":20890,"date":"2020-09-15T13:29:02","date_gmt":"2020-09-15T13:29:02","guid":{"rendered":"https:\/\/gazetaregionalna.com\/?p=20890"},"modified":"2020-09-15T13:34:09","modified_gmt":"2020-09-15T13:34:09","slug":"umlks-radomsko","status":"publish","type":"post","link":"https:\/\/gazetaregionalna.com\/?p=20890","title":{"rendered":"M\u0142odzie\u017cowcy z UMLKS Radomsko z sukcesami w tenisie sto\u0142owym"},"content":{"rendered":"\n<h2 class=\"wp-block-heading\">M\u0142odzie\u017cowcy z UMLKS Radomsko mog\u0105 \u015bmia\u0142o powiedzie\u0107, \u017ce\nwyjazd w miniony weekend do Rawy Mazowieckiej na Mistrzostwa Wojew\u00f3dztwa\n\u0141\u00f3dzkiego mog\u0105 zaliczy\u0107 do udanych.<\/h2>\n\n\n\n<p>W czasie zawod\u00f3w 12 i 13 wrze\u015bnia 2020 roku najlepszy wynik\nosi\u0105gn\u0105\u0142 Sebastian Musia\u0142, kt\u00f3ry w grze singlowej \u017cak\u00f3w zdoby\u0142 srebrny medal.\nReszta zawodnik\u00f3w UMLKS w grze singlowej zaj\u0119\u0142a miejsca:<\/p>\n\n\n\n<ul class=\"wp-block-list\"><li>Hubert Flasza 9-12;<\/li><li>Jan Rembiasz 13-16;<\/li><li>Kamil Dr\u00f3\u017cd\u017c 17-20.<\/li><\/ul>\n\n\n\n<figure class=\"wp-block-image size-large\"><img decoding=\"async\" width=\"745\" height=\"1024\" data-src=\"https:\/\/gazetaregionalna.com\/wp-content\/uploads\/2020\/09\/umlks-radomsko-3.jpg\" alt=\"\" class=\"wp-image-20894 lazyload\" data-srcset=\"https:\/\/gazetaregionalna.com\/wp-content\/uploads\/2020\/09\/umlks-radomsko-3.jpg 745w, https:\/\/gazetaregionalna.com\/wp-content\/uploads\/2020\/09\/umlks-radomsko-3-218x300.jpg 218w, https:\/\/gazetaregionalna.com\/wp-content\/uploads\/2020\/09\/umlks-radomsko-3-696x957.jpg 696w, https:\/\/gazetaregionalna.com\/wp-content\/uploads\/2020\/09\/umlks-radomsko-3-306x420.jpg 306w\" data-sizes=\"(max-width: 745px) 100vw, 745px\" src=\"data:image\/svg+xml;base64,PHN2ZyB3aWR0aD0iMSIgaGVpZ2h0PSIxIiB4bWxucz0iaHR0cDovL3d3dy53My5vcmcvMjAwMC9zdmciPjwvc3ZnPg==\" style=\"--smush-placeholder-width: 745px; --smush-placeholder-aspect-ratio: 745\/1024;\" \/><figcaption>Fot: UM Radomsko<\/figcaption><\/figure>\n\n\n\n<p>Natomiast w grze podw\u00f3jnej Sebastian Musia\u0142 w parze z Aleksem\nPaku\u0142\u0105 z KTS Sieradz zdobyli z\u0142oty medal. Pozostali zawodnicy zdobyli:<\/p>\n\n\n\n<ul class=\"wp-block-list\"><li>Br\u0105zowy medal dla duetu Kinga Siemi\u0144ska &#8211; Kinga\nWi\u0119c\u0142awska w kategorii juniorek;<\/li><li>Br\u0105zowy medal dla duetu oraz Mateusz Musia\u0142 &#8211;\nJakub Sukiennik w kategorii kadet\u00f3w;<\/li><\/ul>\n\n\n\n<p>W kategorii m\u0142odzik\u00f3w duet Jakub Szwedzik &#8211; Sebastian Musia\u0142\nzaj\u0105\u0142 miejsca 5-8<\/p>\n\n\n\n<p>&#8211;&nbsp;\u201eJestem bardzo zadowolony z postawy wszystkich\nzawodnik\u00f3w bior\u0105cych udzia\u0142 w mistrzostwach, a szczeg\u00f3lnie medalist\u00f3w. Wyniki w\nmistrzostwach pokaza\u0142y dobre przygotowanie do nowego sezonu\u201d&nbsp;&#8211; skomentowa\u0142\nwyniki Jacek Kawka, trener zawodnik\u00f3w.<\/p>\n\n\n\n<p>M\u0142odzie\u017cowcy UMLKS Radomsko z Mistrzostw Wojew\u00f3dztwa \u0141\u00f3dzkiego przywie\u017ali w sumie cztery medale.<\/p>\n\n\n\n<p>[post_gallery]<\/p>\n","protected":false},"excerpt":{"rendered":"<p>M\u0142odzie\u017cowcy z UMLKS Radomsko mog\u0105 \u015bmia\u0142o powiedzie\u0107, \u017ce wyjazd w miniony weekend do Rawy Mazowieckiej na Mistrzostwa Wojew\u00f3dztwa \u0141\u00f3dzkiego mog\u0105 zaliczy\u0107 do udanych. W<\/p>\n","protected":false},"author":12,"featured_media":20892,"comment_status":"open","ping_status":"open","sticky":false,"template":"","format":"standard","meta":{"_monsterinsights_skip_tracking":false,"_monsterinsights_sitenote_active":false,"_monsterinsights_sitenote_note":"","_monsterinsights_sitenote_category":0,"_uf_show_specific_survey":0,"_uf_disable_surveys":false,"footnotes":""},"categories":[94,28,5,10,2],"tags":[833,834,789,832],"class_list":["post-20890","post","type-post","status-publish","format-standard","has-post-thumbnail","hentry","category-polecane","category-radomsko","category-sport","category-tenis-stolowy","category-wiadomosci","tag-mistrzostwa-wojewodztwa-lodzkiego","tag-rawa-mazowiecka","tag-tenis-stolowy","tag-umlks-radomsko"],"_links":{"self":[{"href":"https:\/\/gazetaregionalna.com\/index.php?rest_route=\/wp\/v2\/posts\/20890","targetHints":{"allow":["GET"]}}],"collection":[{"href":"https:\/\/gazetaregionalna.com\/index.php?rest_route=\/wp\/v2\/posts"}],"about":[{"href":"https:\/\/gazetaregionalna.com\/index.php?rest_route=\/wp\/v2\/types\/post"}],"author":[{"embeddable":true,"href":"https:\/\/gazetaregionalna.com\/index.php?rest_route=\/wp\/v2\/users\/12"}],"replies":[{"embeddable":true,"href":"https:\/\/gazetaregionalna.com\/index.php?rest_route=%2Fwp%2Fv2%2Fcomments&post=20890"}],"version-history":[{"count":3,"href":"https:\/\/gazetaregionalna.com\/index.php?rest_route=\/wp\/v2\/posts\/20890\/revisions"}],"predecessor-version":[{"id":20898,"href":"https:\/\/gazetaregionalna.com\/index.php?rest_route=\/wp\/v2\/posts\/20890\/revisions\/20898"}],"wp:featuredmedia":[{"embeddable":true,"href":"https:\/\/gazetaregionalna.com\/index.php?rest_route=\/wp\/v2\/media\/20892"}],"wp:attachment":[{"href":"https:\/\/gazetaregionalna.com\/index.php?rest_route=%2Fwp%2Fv2%2Fmedia&parent=20890"}],"wp:term":[{"taxonomy":"category","embeddable":true,"href":"https:\/\/gazetaregionalna.com\/index.php?rest_route=%2Fwp%2Fv2%2Fcategories&post=20890"},{"taxonomy":"post_tag","embeddable":true,"href":"https:\/\/gazetaregionalna.com\/index.php?rest_route=%2Fwp%2Fv2%2Ftags&post=20890"}],"curies":[{"name":"wp","href":"https:\/\/api.w.org\/{rel}","templated":true}]}}