{"id":20825,"date":"2020-09-15T08:09:14","date_gmt":"2020-09-15T08:09:14","guid":{"rendered":"https:\/\/gazetaregionalna.com\/?p=20825"},"modified":"2020-09-15T08:10:23","modified_gmt":"2020-09-15T08:10:23","slug":"juromania-2020-czyli-aktywny-weekend-w-zarkach","status":"publish","type":"post","link":"https:\/\/gazetaregionalna.com\/?p=20825","title":{"rendered":"Juromania 2020, czyli aktywny weekend w \u017barkach"},"content":{"rendered":"\n<h2 class=\"wp-block-heading\"> Juromania 2020, czyli aktywny weekend w \u017barkach.<\/h2>\n\n\n\n<p>  Tegoroczny program Juromanii w gminie \u017barki  adresowany jest g\u0142\u00f3wnie dla rodzin z dzie\u0107mi oraz os\u00f3b zainteresowanych dziedzictwem kulturowym.  <\/p>\n\n\n\n<p> &#8211; Edycja tego wydarzenia pod has\u0142em \u201eUczta na Jurze\u201d niesie za sob\u0105 szereg atrakcji kulturowych i smakowych \u2013 informuje Katarzyna Kuli\u0144ska-Pluta z \u017careckiego samorz\u0105du. &#8211; Zach\u0119camy do rezerwacji termin\u00f3w.<\/p>\n\n\n\n<p> Jak zapewniaj\u0105 organizatorzy, w czasie nadchodz\u0105cego weekendu ka\u017cdy znajdzie co\u015b ciekawego dla siebie. Dwa dni bezp\u0142atnych atrakcji w ramach Juromanii 2020 zaplanowano w \u017barkach&nbsp;w dniach 19 i 20 wrze\u015bnia.&nbsp;<\/p>\n\n\n\n<p> &#8211; Wydarzenie jest finansowanego przez Samorz\u0105d Wojew\u00f3dztwa \u015al\u0105skiego, a jurajska gmina \u017barki jest jedn\u0105 wielu, kt\u00f3re aktywnie uczestnicz\u0105 w wydarzeniu obywaj\u0105cym si\u0119 w dw\u00f3ch wojew\u00f3dztwach \u015bl\u0105skim i ma\u0142opolskim, zapraszamy wi\u0119c serdecznie \u2013 zach\u0119ca do skorzystania z oferty Juromanii Klemens Podlejski, burmistrz Miasta i Gminy \u017barki.<\/p>\n\n\n\n<p>\n<strong>Oto\npropozycje przygotowane w \u017barkach i okolicy na 19 i 20 wrze\u015bnia:<\/strong><\/p>\n\n\n\n<p>\n10:00\n\u2013 18:00&nbsp;&nbsp; &nbsp;Bezp\u0142atne zwiedzanie i warsztaty<\/p>\n\n\n\n<p>&#8211;&nbsp;&nbsp;<strong>Muzeum\nDawnych Rzemios\u0142 w Starym M\u0142ynie&nbsp;<\/strong>&#8211;&nbsp;\nzwiedzanie z przewodnikiem. Degustacja lokalnych chleb\u00f3w, godz.\n10.00 \u2013 18.00. Konieczna rezerwacja tel. 690 070\n772,&nbsp;<a href=\"http:\/\/www.muzeumzarki.pl\/\" target=\"_blank\" rel=\"noopener\">www.muzeumzarki.pl<\/a>,\nMuzeum Dawnych Rzemios\u0142 w Starym M\u0142ynie w \u017barkach, ul. Ofiar\nKatynia 5, 42-310 \u017barki.<\/p>\n\n\n\n<figure class=\"wp-block-image size-large\"><img decoding=\"async\" width=\"959\" height=\"640\" data-src=\"https:\/\/gazetaregionalna.com\/wp-content\/uploads\/2020\/09\/mlyn.jpg\" alt=\"\" class=\"wp-image-20833 lazyload\" data-srcset=\"https:\/\/gazetaregionalna.com\/wp-content\/uploads\/2020\/09\/mlyn.jpg 959w, https:\/\/gazetaregionalna.com\/wp-content\/uploads\/2020\/09\/mlyn-300x200.jpg 300w, https:\/\/gazetaregionalna.com\/wp-content\/uploads\/2020\/09\/mlyn-768x513.jpg 768w, https:\/\/gazetaregionalna.com\/wp-content\/uploads\/2020\/09\/mlyn-696x464.jpg 696w, https:\/\/gazetaregionalna.com\/wp-content\/uploads\/2020\/09\/mlyn-629x420.jpg 629w\" data-sizes=\"(max-width: 959px) 100vw, 959px\" src=\"data:image\/svg+xml;base64,PHN2ZyB3aWR0aD0iMSIgaGVpZ2h0PSIxIiB4bWxucz0iaHR0cDovL3d3dy53My5vcmcvMjAwMC9zdmciPjwvc3ZnPg==\" style=\"--smush-placeholder-width: 959px; --smush-placeholder-aspect-ratio: 959\/640;\" \/><\/figure>\n\n\n\n<p> &#8211; &nbsp;&nbsp;<strong>Nie \u015bwi\u0119ci\u2026 talerze lepi\u0105 \u2013 <\/strong>interaktywne warsztaty gliniarskie z ArtWarsztatami&nbsp;w Starym M\u0142ynie, godz. 11.00 \u2013 17.00,&nbsp; Konieczna rezerwacja tel. 570 668 490, ul. Ofiar Katynia 5, 42-310 \u017barki.<\/p>\n\n\n\n<p>&#8211;&nbsp;&nbsp;<strong>Wehiku\u0142 Czasu na Jurajskim Szlaku<\/strong>&nbsp;&#8211; zwiedzanie z przewodnikiem.&nbsp;Opowie\u015b\u0107 o \u015bredniowiecznych kulinariach na zamkach, opactwach i w zagrodzie. Degustacja podpiwka, kwasu chlebowego, ciastek z pszenicy oraz pieczenie podp\u0142omyk\u00f3w na blasze,&nbsp;godz. 10.00-18.00. Konieczna rezerwacja tel. 603 770 627,&nbsp;<a href=\"http:\/\/www.wehikul-czasu.eu\/\" target=\"_blank\" rel=\"noopener\">www.wehikul-czasu.eu<\/a>, Wehiku\u0142 Czasu na Jurajskim Szlaku, ul. Le\u015bna 19, 42-310 \u017barki.<\/p>\n\n\n\n<p><strong>&#8211;&nbsp;Gaziki na kulinarnym szlaku <\/strong>&#8211; przejazdy gazikami. Pocz\u0119stunek&nbsp; jurajskimi pieczonkami,&nbsp;godz. 10.00, 12.00, 14.00, 16.00. Konieczna rezerwacja tel. 887 803 303,&nbsp;&nbsp;<a href=\"http:\/\/www.przystanlesniow.pl\/\" target=\"_blank\" rel=\"noopener\">www.przystanlesniow.pl<\/a>, Przysta\u0144 Turystyczna Le\u015bni\u00f3w, ul. \u0179r\u00f3dlana 5, 42-310 \u017barki.<\/p>\n\n\n\n<figure class=\"wp-block-image size-large\"><img decoding=\"async\" width=\"960\" height=\"540\" data-src=\"https:\/\/gazetaregionalna.com\/wp-content\/uploads\/2020\/09\/chleb.jpg\" alt=\"\" class=\"wp-image-20832 lazyload\" data-srcset=\"https:\/\/gazetaregionalna.com\/wp-content\/uploads\/2020\/09\/chleb.jpg 960w, https:\/\/gazetaregionalna.com\/wp-content\/uploads\/2020\/09\/chleb-300x169.jpg 300w, https:\/\/gazetaregionalna.com\/wp-content\/uploads\/2020\/09\/chleb-768x432.jpg 768w, https:\/\/gazetaregionalna.com\/wp-content\/uploads\/2020\/09\/chleb-696x392.jpg 696w, https:\/\/gazetaregionalna.com\/wp-content\/uploads\/2020\/09\/chleb-747x420.jpg 747w\" data-sizes=\"(max-width: 960px) 100vw, 960px\" src=\"data:image\/svg+xml;base64,PHN2ZyB3aWR0aD0iMSIgaGVpZ2h0PSIxIiB4bWxucz0iaHR0cDovL3d3dy53My5vcmcvMjAwMC9zdmciPjwvc3ZnPg==\" style=\"--smush-placeholder-width: 960px; --smush-placeholder-aspect-ratio: 960\/540;\" \/><\/figure>\n\n\n\n<p>&#8211;&nbsp;<strong>Wiejska przygoda \u2013 <\/strong>Miniskansen Wsi Jurajskiej w Przybynowie ze zwierzy\u0144cem&nbsp;\u2013 zwiedzanie z przewodnikiem wed\u0142ug specjalnego scenariusza.&nbsp;Degustacja<strong>: chleba ze smalcem i \u017curku<\/strong>, godz. 11.00 \u2013 18.00. Konieczna rezerwacja tel. 501 154 921,&nbsp;<a href=\"http:\/\/www.agroskalka.pl\/\" target=\"_blank\" rel=\"noopener\">&nbsp;www.agroskalka.pl<\/a>, Agrogospodarstwo \u201ePod Ska\u0142k\u0105\u201d, ul. Szkolna 34, 42-310 Przybyn\u00f3w.<\/p>\n","protected":false},"excerpt":{"rendered":"<p>Juromania 2020, czyli aktywny weekend w \u017barkach. Tegoroczny program Juromanii w gminie \u017barki adresowany jest g\u0142\u00f3wnie dla rodzin z dzie\u0107mi oraz os\u00f3b zainteresowanych dziedzictwem<\/p>\n","protected":false},"author":7,"featured_media":20834,"comment_status":"open","ping_status":"open","sticky":false,"template":"","format":"standard","meta":{"_monsterinsights_skip_tracking":false,"_monsterinsights_sitenote_active":false,"_monsterinsights_sitenote_note":"","_monsterinsights_sitenote_category":0,"_uf_show_specific_survey":0,"_uf_disable_surveys":false,"footnotes":""},"categories":[12,26,94,2],"tags":[],"class_list":["post-20825","post","type-post","status-publish","format-standard","has-post-thumbnail","hentry","category-kultura-i-rozrywka","category-myszkow","category-polecane","category-wiadomosci"],"_links":{"self":[{"href":"https:\/\/gazetaregionalna.com\/index.php?rest_route=\/wp\/v2\/posts\/20825","targetHints":{"allow":["GET"]}}],"collection":[{"href":"https:\/\/gazetaregionalna.com\/index.php?rest_route=\/wp\/v2\/posts"}],"about":[{"href":"https:\/\/gazetaregionalna.com\/index.php?rest_route=\/wp\/v2\/types\/post"}],"author":[{"embeddable":true,"href":"https:\/\/gazetaregionalna.com\/index.php?rest_route=\/wp\/v2\/users\/7"}],"replies":[{"embeddable":true,"href":"https:\/\/gazetaregionalna.com\/index.php?rest_route=%2Fwp%2Fv2%2Fcomments&post=20825"}],"version-history":[{"count":4,"href":"https:\/\/gazetaregionalna.com\/index.php?rest_route=\/wp\/v2\/posts\/20825\/revisions"}],"predecessor-version":[{"id":20837,"href":"https:\/\/gazetaregionalna.com\/index.php?rest_route=\/wp\/v2\/posts\/20825\/revisions\/20837"}],"wp:featuredmedia":[{"embeddable":true,"href":"https:\/\/gazetaregionalna.com\/index.php?rest_route=\/wp\/v2\/media\/20834"}],"wp:attachment":[{"href":"https:\/\/gazetaregionalna.com\/index.php?rest_route=%2Fwp%2Fv2%2Fmedia&parent=20825"}],"wp:term":[{"taxonomy":"category","embeddable":true,"href":"https:\/\/gazetaregionalna.com\/index.php?rest_route=%2Fwp%2Fv2%2Fcategories&post=20825"},{"taxonomy":"post_tag","embeddable":true,"href":"https:\/\/gazetaregionalna.com\/index.php?rest_route=%2Fwp%2Fv2%2Ftags&post=20825"}],"curies":[{"name":"wp","href":"https:\/\/api.w.org\/{rel}","templated":true}]}}