{"id":20761,"date":"2020-09-14T10:58:11","date_gmt":"2020-09-14T10:58:11","guid":{"rendered":"https:\/\/gazetaregionalna.com\/?p=20761"},"modified":"2020-09-14T10:58:14","modified_gmt":"2020-09-14T10:58:14","slug":"trwa-glosowanie","status":"publish","type":"post","link":"https:\/\/gazetaregionalna.com\/?p=20761","title":{"rendered":"Trwa g\u0142osowanie w II edycji Marsza\u0142kowskiego Bud\u017cetu Obywatelskiego"},"content":{"rendered":"\n<h2 class=\"wp-block-heading\">Od 9 wrze\u015bnia 2020 roku rozpocz\u0119\u0142o si\u0119 g\u0142osowanie w ramach II edycji Marsza\u0142kowskiego Bud\u017cetu Obywatelskiego. Mieszka\u0144cy \u015al\u0105ska mog\u0105 wzi\u0105\u0107 w nim udzia\u0142 do 23 wrze\u015bnia br.<\/h2>\n\n\n\n<p>Sw\u00f3j g\u0142os mo\u017cna odda\u0107 elektronicznie na stronie <a href=\"https:\/\/ebo.slaskie.pl\/pub\/vote\/start\" target=\"_blank\" rel=\"noopener\">https:\/\/ebo.slaskie.pl\/pub\/vote\/start<\/a> w zak\u0142adce\u00a0<em>G\u0142osuj<\/em>. Dla os\u00f3b zainteresowanych lub potrzebuj\u0105cych wsparcia w procesie g\u0142osowania, na terenie ca\u0142ego regionu\u00a0uruchomionych jest 10 punkt\u00f3w, w kt\u00f3rych mo\u017cna zag\u0142osowa\u0107. W ka\u017cdym z nich znajduje si\u0119 tablet z dost\u0119pem do Internetu, telefon, a tak\u017ce materia\u0142y informacyjne. <\/p>\n\n\n\n<p>Jeden z mobilnych punkt\u00f3w znajduje si\u0119 w Urz\u0119dzie Marsza\u0142kowskim Wojew\u00f3dztwa \u015al\u0105skiego jednostka zamiejscowa w Cz\u0119stochowie (42-217 Cz\u0119stochowa) ul. Sobieskiego 7, od poniedzia\u0142ku do pi\u0105tku w godzinach 7:30-15:30;<\/p>\n\n\n\n<figure class=\"wp-block-embed-youtube wp-block-embed is-type-video is-provider-youtube wp-embed-aspect-16-9 wp-has-aspect-ratio\"><div class=\"wp-block-embed__wrapper\">\n<div class=\"fitvids-video\"><iframe title=\"2. Edycja Bud\u017cet Obywatelski - G\u0142osuj na projekty!\" width=\"715\" height=\"402\" data-src=\"https:\/\/www.youtube.com\/embed\/SJVo2vOYunY?feature=oembed\" frameborder=\"0\" allow=\"accelerometer; autoplay; clipboard-write; encrypted-media; gyroscope; picture-in-picture; web-share\" allowfullscreen src=\"data:image\/svg+xml;base64,PHN2ZyB3aWR0aD0iMSIgaGVpZ2h0PSIxIiB4bWxucz0iaHR0cDovL3d3dy53My5vcmcvMjAwMC9zdmciPjwvc3ZnPg==\" class=\"lazyload\" data-load-mode=\"1\"><\/iframe><\/div>\n<\/div><\/figure>\n\n\n\n<p>Uprawnieni do g\u0142osowania s\u0105 wszyscy mieszka\u0144cy Wojew\u00f3dztwa \u015al\u0105skiego, kt\u00f3rzy mog\u0105 wybiera\u0107 spo\u015br\u00f3d 90 zada\u0144 dopuszczonych do g\u0142osowania.<\/p>\n\n\n\n<p><strong>Jak g\u0142osowa\u0107?<\/strong><\/p>\n\n\n\n<p>To proste, ka\u017cdy mieszkaniec wojew\u00f3dztwa przyznaje w sumie 4\npunkty (1 dla zada\u0144 zg\u0142oszonych w puli wojew\u00f3dzkiej oraz 3 dla zada\u0144\nzg\u0142oszonych w pulach podregionalnych). Wszystkie punkty mo\u017cna przyzna\u0107 tylko\njeden raz podczas jednej sesji logowania. Dodatkowo od g\u0142osuj\u0105cego zale\u017cy, czy\nodda 3 punkty na jedno zadanie w pulach podregionalnych, czy podzieli je na dwa\nlub trzy zadania.<\/p>\n\n\n\n<p>Na stronie g\u0142osowania nale\u017cy poda\u0107:<\/p>\n\n\n\n<ul class=\"wp-block-list\"><li>PESEL;<\/li><li>Imi\u0119 i nazwisko;<\/li><li>Imi\u0119 matki;<\/li><li>Numer telefonu.<\/li><\/ul>\n\n\n\n<p>Podane dane pozwol\u0105 zweryfikowa\u0107 poprawno\u015b\u0107 g\u0142osowania, tak by\nka\u017cdy m\u00f3g\u0142 zag\u0142osowa\u0107 tylko jeden raz. Na podany numer telefonu zostanie\nwys\u0142any sms z kodem weryfikacyjnym. Informacje dotycz\u0105ce przetwarzania danych\nosobowych znajduj\u0105 si\u0119 w panelu oraz w zak\u0142adce na&nbsp;<a href=\"https:\/\/ebo.slaskie.pl\/pub\/vote\/start\" target=\"_blank\" rel=\"noopener\">bo.slaskie.pl<\/a>.<\/p>\n\n\n\n<p>Po oddaniu g\u0142os\u00f3w i ich zatwierdzeniu nie b\u0119dzie mo\u017cliwo\u015bci\nzmiany decyzji lub ponownego g\u0142osowania.<\/p>\n\n\n\n<p><strong>Wa\u017cne!\nZgodnie z Regulaminem Marsza\u0142kowskiego Bud\u017cetu Obywatelskiego o wyborze zada\u0144\ndo realizacji decyduj\u0105 mieszka\u0144cy wojew\u00f3dztwa w drodze g\u0142osowania. Realizowane\nb\u0119d\u0105 zadania wybrane przez mieszka\u0144c\u00f3w, czyli takie, na kt\u00f3re oddany b\u0119dzie co\nnajmniej jeden g\u0142os.<\/strong><\/p>\n\n\n\n<p>W zadaniach o zasi\u0119gu wojew\u00f3dzkim znajduj\u0105 si\u0119 22 propozycje, z czego na:<\/p>\n\n\n\n<ul class=\"wp-block-list\"><li>powiat cz\u0119stochowski z miastem Cz\u0119stochowa przypada 10 zada\u0144;<\/li><li>powiat k\u0142obucki przypadaj\u0105 2 zadania;<\/li><li>powiat lubliniecki przypada 5 zada\u0144;<\/li><li>powiat myszkowski przypada 5 zada\u0144.<\/li><\/ul>\n\n\n\n<p>Dodatkowo w zg\u0142oszonych zadaniach w podregionach pojawi\u0142y si\u0119 propozycje:<\/p>\n\n\n\n<ul class=\"wp-block-list\"><li>Podregion obejmuj\u0105cy powiaty: gliwicki, <strong>lubliniecki<\/strong>, tarnog\u00f3rski oraz miasta na prawach powiatu Bytom i Gliwice z 15 propozycji powiat lubliniecki posiada 7 zada\u0144 do wykonania;<\/li><li>Podregion obejmuj\u0105cy powiaty: <strong>cz\u0119stochowski, k\u0142obucki, myszkowski oraz miasto na prawach powiatu Cz\u0119stochowa <\/strong>z 3 propozycji miasto Cz\u0119stochowa ma dwa zadania do wykonania, powiat cz\u0119stochowski 1 zadanie, powiat k\u0142obucki i myszkowski dwa zadania.<\/li><\/ul>\n\n\n\n<p><strong>G\u0142osowanie\npotrwa do 23 wrze\u015bnia 2020 r.<\/strong><strong>,\na wyniki poznamy w pa\u017adzierniku.<\/strong><\/p>\n","protected":false},"excerpt":{"rendered":"<p>Od 9 wrze\u015bnia 2020 roku rozpocz\u0119\u0142o si\u0119 g\u0142osowanie w ramach II edycji Marsza\u0142kowskiego Bud\u017cetu Obywatelskiego. Mieszka\u0144cy \u015al\u0105ska mog\u0105 wzi\u0105\u0107 w nim udzia\u0142 do 23<\/p>\n","protected":false},"author":12,"featured_media":20771,"comment_status":"open","ping_status":"open","sticky":false,"template":"","format":"standard","meta":{"_monsterinsights_skip_tracking":false,"_monsterinsights_sitenote_active":false,"_monsterinsights_sitenote_note":"","_monsterinsights_sitenote_category":0,"_uf_show_specific_survey":0,"_uf_disable_surveys":false,"footnotes":""},"categories":[42,3,27,25,26,94,4,2],"tags":[246],"class_list":["post-20761","post","type-post","status-publish","format-standard","has-post-thumbnail","hentry","category-finanse","category-czestochowa-informacje","category-klobuck-informacje","category-lubliniec","category-myszkow","category-polecane","category-region","category-wiadomosci","tag-marszalkowski-budzet-obywatelski-wojewodztwa-slaskiego"],"_links":{"self":[{"href":"https:\/\/gazetaregionalna.com\/index.php?rest_route=\/wp\/v2\/posts\/20761","targetHints":{"allow":["GET"]}}],"collection":[{"href":"https:\/\/gazetaregionalna.com\/index.php?rest_route=\/wp\/v2\/posts"}],"about":[{"href":"https:\/\/gazetaregionalna.com\/index.php?rest_route=\/wp\/v2\/types\/post"}],"author":[{"embeddable":true,"href":"https:\/\/gazetaregionalna.com\/index.php?rest_route=\/wp\/v2\/users\/12"}],"replies":[{"embeddable":true,"href":"https:\/\/gazetaregionalna.com\/index.php?rest_route=%2Fwp%2Fv2%2Fcomments&post=20761"}],"version-history":[{"count":8,"href":"https:\/\/gazetaregionalna.com\/index.php?rest_route=\/wp\/v2\/posts\/20761\/revisions"}],"predecessor-version":[{"id":20777,"href":"https:\/\/gazetaregionalna.com\/index.php?rest_route=\/wp\/v2\/posts\/20761\/revisions\/20777"}],"wp:featuredmedia":[{"embeddable":true,"href":"https:\/\/gazetaregionalna.com\/index.php?rest_route=\/wp\/v2\/media\/20771"}],"wp:attachment":[{"href":"https:\/\/gazetaregionalna.com\/index.php?rest_route=%2Fwp%2Fv2%2Fmedia&parent=20761"}],"wp:term":[{"taxonomy":"category","embeddable":true,"href":"https:\/\/gazetaregionalna.com\/index.php?rest_route=%2Fwp%2Fv2%2Fcategories&post=20761"},{"taxonomy":"post_tag","embeddable":true,"href":"https:\/\/gazetaregionalna.com\/index.php?rest_route=%2Fwp%2Fv2%2Ftags&post=20761"}],"curies":[{"name":"wp","href":"https:\/\/api.w.org\/{rel}","templated":true}]}}