{"id":2073,"date":"2019-02-21T13:57:14","date_gmt":"2019-02-21T13:57:14","guid":{"rendered":"http:\/\/gazetaregionalna.com\/?p=2073"},"modified":"2019-02-21T13:57:14","modified_gmt":"2019-02-21T13:57:14","slug":"promenada-srodmiejska-prace-rozpoczete","status":"publish","type":"post","link":"https:\/\/gazetaregionalna.com\/?p=2073","title":{"rendered":"Promenada \u015ar\u00f3dmiejska \u2013 prace rozpocz\u0119te"},"content":{"rendered":"<p>&nbsp;<\/p>\n<p><span style=\"font-family: Times New Roman, serif;\">Na terenie dawnego W\u0119globloku rozpocz\u0119\u0142y si\u0119 prace zwi\u0105zane z budow\u0105 Promenady \u015ar\u00f3dmiejskiej. Miasto ma odda\u0107 teren wypoczynkowy latem 2020 r. Promenada \u015ar\u00f3dmiejska b\u0119dzie \u0142\u0105czy\u0107 al. Wolno\u015bci z ul. Bohater\u00f3w Monte Cassino. Koszt inwestycji wynosi blisko 6 mln z\u0142.<\/span><\/p>\n<p><span style=\"font-family: Times New Roman, serif;\">Prace rozpocz\u0119\u0142y si\u0119 wed\u0142ug ustalonego harmonogramu. Na t\u0105 chwil\u0119 przek\u0142adane s\u0105 uzbrojenia podziemne, wylewane s\u0105 fundamenty pod o\u015bwietlenie a tak\u017ce wytyczona zosta\u0142a g\u0142\u00f3wna \u015bcie\u017cka. <\/span><\/p>\n<p><span style=\"font-family: Times New Roman, serif;\">W 2012 r. radni wraz z mieszka\u0144cami dzielnicy Trzech Wieszcz\u00f3w rozpocz\u0119li starania o uporz\u0105dkowanie terenu wzd\u0142u\u017c ulic Sk\u0142odowskiej-Curie i Boya-\u017bele\u0144skiego. Wtedy te\u017c pod petycj\u0105 do w\u0142adz miasta podpisa\u0142o si\u0119 ponad 200 os\u00f3b. W kolejnym roku, dzi\u0119ki inicjatywie Rady Dzielnicy Trzech Wieszcz\u00f3w i spo\u0142ecznemu zaanga\u017cowaniu mieszka\u0144c\u00f3w uprz\u0105tni\u0119to teren. W ko\u0144cu magistrat podpisa\u0142 umow\u0119 na budow\u0119 pierwszego etapu inwestycji. <\/span><\/p>\n<p><span style=\"font-family: Times New Roman, serif;\">Cz\u0119\u015b\u0107 obszaru funkcjonowa\u0142o jako dziki parking, na innej znajdowa\u0142 si\u0119 gruz i odpady budowlane. Problemem tej dzia\u0142ki jest wysoki poziom w\u00f3d gruntowych. <\/span><\/p>\n<p><span style=\"font-family: Times New Roman, serif;\">Promenada \u015ar\u00f3dmiejska ma powsta\u0107 na terenie dawnego W\u0119globloku (pomi\u0119dzy ulicami Sk\u0142odowskiej-Curie, Boya-\u017bele\u0144skiego, Alej\u0105 Wolno\u015bci, Alej\u0105 Bohater\u00f3w Monte Cassino). Ze wzgl\u0119du na lokalizacj\u0119 i potencja\u0142 miejsca, ten punkt mo\u017ce sta\u0107 si\u0119 idealnym miejscem wypoczynku dla Cz\u0119stochowian. Mieszka\u0144cy dzielnicy Trzech Wieszcz\u00f3w ju\u017c kilka lat temu podj\u0119li starania o utworzenie nowego parku. Tym bardziej chcieli urzeczywistni\u0107 pomys\u0142 sprzed lat, z obawy, \u017ce woln\u0105 dzia\u0142k\u0105 zainteresowa\u0107 si\u0119 mo\u017ce w\u0142a\u015bciciel sieci sklep\u00f3w wielkopowierzchniowych. Sami mieszka\u0144cy rozpocz\u0119li prace porz\u0105dkowe na terenie W\u0119globloku . Zbierali \u015bmieci, wycina\u0142o krzaki a tak\u017ce zgrabiali li\u015bcie. Miasto da\u0142o im pojemniki na odpady oraz niezb\u0119dne narz\u0119dzia. <\/span><\/p>\n<p><span style=\"font-family: Times New Roman, serif;\">Kolejnym etapem by\u0142y starania o zewn\u0119trzne \u015brodki na budow\u0119 promenady, kt\u00f3ra szybko zyska\u0142a przydomek \u015br\u00f3dmiejskiej. Z racji niepowodzenia w tej kwestii, miasto wzi\u0119\u0142o koszty na siebie. W lipcu br. rozpisano przetarg na na niezb\u0119dne prace rozbi\u00f3rkowe, wykonanie nowego ukszta\u0142towania terenu, a tak\u017ce budow\u0119 nowych element\u00f3w jego zagospodarowania. Przed rozpocz\u0119ciem w\u0142a\u015bciwych prac konieczna jest rozbi\u00f3rka dw\u00f3ch budynk\u00f3w gospodarczych, ogrodze\u0144 oraz pozosta\u0142o\u015bci zabudowy. Zdemontowane zostan\u0105 schody terenowe, nieczynny maszt o\u015bwietleniowy i odcinek nieczynnego kana\u0142u sanitarnego. Trzeba usun\u0105\u0107 istniej\u0105ce nawierzchnie z umieszczonymi w nich elementami r\u00f3\u017cnej infrastruktury. G\u0142\u00f3wnym za\u0142o\u017ceniem w pierwszym etapie inwestycji b\u0119dzie aleja dla pieszych, biegn\u0105ca w osi wsch\u00f3d-zach\u00f3d przez ca\u0142y teren obj\u0119ty zagospodarowaniem. Aleja po\u0142\u0105czy plac wej\u015bciowy z placem centralnym &#8211; wielofunkcyjnym placem sportowym z urz\u0105dzeniami do \u0107wicze\u0144 sprawno\u015bciowych typu street workout.<\/span><\/p>\n<p><span style=\"font-family: Times New Roman, serif;\">Wok\u00f3\u0142 placu wej\u015bciowego i centralnego pojawi\u0105 si\u0119 murki oporowe i brama wej\u015bciowa w formie pergoli. W po\u0142udniowej cz\u0119\u015bci znajdzie si\u0119 przestrze\u0144 z miejscami do siedzenia w formie amfiteatru. Ca\u0142y plac ma otoczy\u0107 rodzaj &#8222;zielonego pier\u015bcienia&#8221; &#8211; skarpa, kt\u00f3ra ograniczy ha\u0142as z pobliskich ulic.<\/span><\/p>\n<p><span style=\"font-family: Times New Roman, serif;\">Plac wej\u015bciowy pokryj\u0105 betonowe p\u0142yty. Aleja spacerowa zbudowana b\u0119dzie z kamiennej kostki. Na placu centralnym umieszczone zostan\u0105 urz\u0105dzenia do \u0107wicze\u0144, elementy ma\u0142ej architektury,a dla bezpiecze\u0144stwa zamontowany b\u0119dzie monitoring. Zmianie ulegnie dotychczasowe ukszta\u0142towanie terenu. Zamontowana b\u0119dzie tak\u017ce instalacja elektryczna oraz o\u015bwietlenie i odwodnienie. Drzewa, tzw. samosiejki maja zosta\u0107 wyci\u0119te, poniewa\u017c koliduj\u0105 one z planem zagospodarowania. Projektowane s\u0105 te\u017c nowe nasadzenia. <\/span><\/p>\n<p><span style=\"font-family: Times New Roman, serif;\">Projekt Promenady \u015ar\u00f3dmiejskiej nie zak\u0142ada miejsc parkingowych. B\u0119d\u0105 za to miejsca postojowe dla rower\u00f3w. Budowa Promenady \u015ar\u00f3dmiejskiej to najwi\u0119ksza inwestycja poszerzaj\u0105ca obszary zieleni w Cz\u0119stochowie. Pr\u00f3cz niej m.in. w dzielnicy Rak\u00f3w powsta\u0142 pierwszy w mie\u015bcie &#8222;park kieszonkowy&#8221; (rodzaj zielonej enklawy), a na Placu Biega\u0144skiego w \u015bcis\u0142ym centrum powsta\u0142 aneks, kt\u00f3ry ma zachowa\u0107 zielony charakter przez ca\u0142y rok.<\/span><\/p>\n<p><span style=\"font-family: Times New Roman, serif;\">Prace inwestycyjne maj\u0105 zosta\u0107 zako\u0144czone do sierpnia 2020 r. Przetarg wygra\u0142a cz\u0119stochowska firma Tel-Bruk.<\/span><\/p>\n<p><span style=\"font-family: Times New Roman, serif;\">Paulina Stasiak-Balas<\/span><\/p>\n","protected":false},"excerpt":{"rendered":"<p>&nbsp; Na terenie dawnego W\u0119globloku rozpocz\u0119\u0142y si\u0119 prace zwi\u0105zane z budow\u0105 Promenady \u015ar\u00f3dmiejskiej. Miasto ma odda\u0107 teren wypoczynkowy latem 2020 r. Promenada \u015ar\u00f3dmiejska b\u0119dzie<\/p>\n","protected":false},"author":3,"featured_media":2074,"comment_status":"open","ping_status":"closed","sticky":false,"template":"","format":"standard","meta":{"_monsterinsights_skip_tracking":false,"_monsterinsights_sitenote_active":false,"_monsterinsights_sitenote_note":"","_monsterinsights_sitenote_category":0,"_uf_show_specific_survey":0,"_uf_disable_surveys":false,"footnotes":""},"categories":[20,3,33,2],"tags":[],"class_list":["post-2073","post","type-post","status-publish","format-standard","has-post-thumbnail","hentry","category-budownictwo","category-czestochowa-informacje","category-inwestycje","category-wiadomosci"],"_links":{"self":[{"href":"https:\/\/gazetaregionalna.com\/index.php?rest_route=\/wp\/v2\/posts\/2073","targetHints":{"allow":["GET"]}}],"collection":[{"href":"https:\/\/gazetaregionalna.com\/index.php?rest_route=\/wp\/v2\/posts"}],"about":[{"href":"https:\/\/gazetaregionalna.com\/index.php?rest_route=\/wp\/v2\/types\/post"}],"author":[{"embeddable":true,"href":"https:\/\/gazetaregionalna.com\/index.php?rest_route=\/wp\/v2\/users\/3"}],"replies":[{"embeddable":true,"href":"https:\/\/gazetaregionalna.com\/index.php?rest_route=%2Fwp%2Fv2%2Fcomments&post=2073"}],"version-history":[{"count":1,"href":"https:\/\/gazetaregionalna.com\/index.php?rest_route=\/wp\/v2\/posts\/2073\/revisions"}],"predecessor-version":[{"id":2075,"href":"https:\/\/gazetaregionalna.com\/index.php?rest_route=\/wp\/v2\/posts\/2073\/revisions\/2075"}],"wp:featuredmedia":[{"embeddable":true,"href":"https:\/\/gazetaregionalna.com\/index.php?rest_route=\/wp\/v2\/media\/2074"}],"wp:attachment":[{"href":"https:\/\/gazetaregionalna.com\/index.php?rest_route=%2Fwp%2Fv2%2Fmedia&parent=2073"}],"wp:term":[{"taxonomy":"category","embeddable":true,"href":"https:\/\/gazetaregionalna.com\/index.php?rest_route=%2Fwp%2Fv2%2Fcategories&post=2073"},{"taxonomy":"post_tag","embeddable":true,"href":"https:\/\/gazetaregionalna.com\/index.php?rest_route=%2Fwp%2Fv2%2Ftags&post=2073"}],"curies":[{"name":"wp","href":"https:\/\/api.w.org\/{rel}","templated":true}]}}