{"id":2066,"date":"2019-02-21T12:03:21","date_gmt":"2019-02-21T12:03:21","guid":{"rendered":"http:\/\/gazetaregionalna.com\/?p=2066"},"modified":"2019-02-21T12:03:21","modified_gmt":"2019-02-21T12:03:21","slug":"z-lublina-do-klobucka","status":"publish","type":"post","link":"https:\/\/gazetaregionalna.com\/?p=2066","title":{"rendered":"Z Lublina do K\u0142obucka?"},"content":{"rendered":"<p>&nbsp;<\/p>\n<p><span style=\"font-family: Times New Roman, serif;\">Zaledwie kilka dni temu (17 lutego) Jerzy S\u0105del zosta\u0142 odwo\u0142any z pe\u0142nienia funkcji Dyrektora Las\u00f3w Pa\u0144stwowych w Lublinie. <\/span>Zast\u0105pi\u0142<span style=\"font-family: Times New Roman, serif;\"> go Marek Kamola, wyk\u0142adowca w Zak\u0142adzie Przyrodniczych Podstaw Le\u015bnictwa Uniwersytetu Przyrodniczego oraz kierownik pracowni w Lublinie Zespo\u0142u Ochrony Lasu w Radomiu.<\/span> <span style=\"font-family: Times New Roman, serif;\">W K\u0142obucku s\u0142ycha\u0107 g\u0142osy, i\u017c S\u0105del powr\u00f3ci\u0142 i pracuje w k\u0142obuckim nadle\u015bnictwie. <\/span><\/p>\n<p><span style=\"font-family: Times New Roman, serif;\">Jerzy S\u0105del swoj\u0105 kadencj\u0119 rozpocz\u0105\u0142 5 czerwca 2014 r., po przej\u015bciu Jadwigi Wi\u015bniewskiej do Parlamentu Europejskiego. Przez wiele lat swojej kariery w Lasach Pa\u0144stwowych zwi\u0105zany by\u0142 z nadle\u015bnictwem w K\u0142obucku. Z polityk\u0105 pierwszy raz spotka\u0142 si\u0119 w 2006 roku, kiedy zasiada\u0142 w Radzie Powiatu K\u0142obuckiego. Listopad 2015 roku okaza\u0142 si\u0119 by\u0107 dobrym rokiem dla Jerzego S\u0105dla. Dosta\u0142 powo\u0142anie na Dyrektora Regionalnej Dyrekcji Las\u00f3w Pa\u0144stwowych w Lublinie. Dyrektorem Las\u00f3w Pa\u0144stwowych by\u0142 od listopada 2015 do lutego 2019r.<\/span><\/p>\n<p><span style=\"font-family: Times New Roman, serif;\">Wiele os\u00f3b zadaje sobie pytanie, czy Jerzy S\u0105del obejmie fotel dyrektora w K\u0142obuckim Nadle\u015bnictwie. Odpowied\u017a zapewne poznamy w nied\u0142ugim czasie. Dotychczas s\u0142ycha\u0107 jedynie pog\u0142oski nielicznych, i\u017c S\u0105del ju\u017c pracuje przy Zakrzewskiej 85 w K\u0142obucku. <\/span><\/p>\n<p><span style=\"font-family: Times New Roman, serif;\">(p.s-b.)<\/span><\/p>\n","protected":false},"excerpt":{"rendered":"<p>&nbsp; Zaledwie kilka dni temu (17 lutego) Jerzy S\u0105del zosta\u0142 odwo\u0142any z pe\u0142nienia funkcji Dyrektora Las\u00f3w Pa\u0144stwowych w Lublinie. Zast\u0105pi\u0142 go Marek Kamola, wyk\u0142adowca<\/p>\n","protected":false},"author":3,"featured_media":2067,"comment_status":"open","ping_status":"closed","sticky":false,"template":"","format":"standard","meta":{"_monsterinsights_skip_tracking":false,"_monsterinsights_sitenote_active":false,"_monsterinsights_sitenote_note":"","_monsterinsights_sitenote_category":0,"_uf_show_specific_survey":0,"_uf_disable_surveys":false,"footnotes":""},"categories":[29,27,2],"tags":[],"class_list":["post-2066","post","type-post","status-publish","format-standard","has-post-thumbnail","hentry","category-ekologia","category-klobuck-informacje","category-wiadomosci"],"_links":{"self":[{"href":"https:\/\/gazetaregionalna.com\/index.php?rest_route=\/wp\/v2\/posts\/2066","targetHints":{"allow":["GET"]}}],"collection":[{"href":"https:\/\/gazetaregionalna.com\/index.php?rest_route=\/wp\/v2\/posts"}],"about":[{"href":"https:\/\/gazetaregionalna.com\/index.php?rest_route=\/wp\/v2\/types\/post"}],"author":[{"embeddable":true,"href":"https:\/\/gazetaregionalna.com\/index.php?rest_route=\/wp\/v2\/users\/3"}],"replies":[{"embeddable":true,"href":"https:\/\/gazetaregionalna.com\/index.php?rest_route=%2Fwp%2Fv2%2Fcomments&post=2066"}],"version-history":[{"count":1,"href":"https:\/\/gazetaregionalna.com\/index.php?rest_route=\/wp\/v2\/posts\/2066\/revisions"}],"predecessor-version":[{"id":2068,"href":"https:\/\/gazetaregionalna.com\/index.php?rest_route=\/wp\/v2\/posts\/2066\/revisions\/2068"}],"wp:featuredmedia":[{"embeddable":true,"href":"https:\/\/gazetaregionalna.com\/index.php?rest_route=\/wp\/v2\/media\/2067"}],"wp:attachment":[{"href":"https:\/\/gazetaregionalna.com\/index.php?rest_route=%2Fwp%2Fv2%2Fmedia&parent=2066"}],"wp:term":[{"taxonomy":"category","embeddable":true,"href":"https:\/\/gazetaregionalna.com\/index.php?rest_route=%2Fwp%2Fv2%2Fcategories&post=2066"},{"taxonomy":"post_tag","embeddable":true,"href":"https:\/\/gazetaregionalna.com\/index.php?rest_route=%2Fwp%2Fv2%2Ftags&post=2066"}],"curies":[{"name":"wp","href":"https:\/\/api.w.org\/{rel}","templated":true}]}}