{"id":20517,"date":"2020-09-09T13:46:19","date_gmt":"2020-09-09T13:46:19","guid":{"rendered":"https:\/\/gazetaregionalna.com\/?p=20517"},"modified":"2020-09-09T13:51:38","modified_gmt":"2020-09-09T13:51:38","slug":"akcja-dezynfekcji-samochodow","status":"publish","type":"post","link":"https:\/\/gazetaregionalna.com\/?p=20517","title":{"rendered":"Po raz drugi w Cz\u0119stochowie darmowa Akcja Dezynfekcji Samochod\u00f3w"},"content":{"rendered":"\n<h2 class=\"wp-block-heading\">W sobot\u0119 <strong>12 wrze\u015bnia od godziny 10:00 do 13:00<\/strong> na parkingu przed Urz\u0119dem Miasta Cz\u0119stochowy po raz drugi odb\u0119dzie si\u0119 darmowa Akcja Dezynfekcji Samochod\u00f3w. Ponownie przeprowadzi j\u0105 wsp\u00f3\u0142pracuj\u0105ca z miastem firma Ecco Logic.<\/h2>\n\n\n\n<p><strong>Firma Ecco Logic<\/strong> w Cz\u0119stochowie zajmuje si\u0119 m.in. dezynfekcj\u0105 cz\u0119stochowskich karetek, oddzia\u0142\u00f3w szpitala miejskiego oraz taboru MPK. Zajmowa\u0142a si\u0119 r\u00f3wnie\u017c dezynfekcj\u0105 miejskich \u0142awek w alei Naj\u015bwi\u0119tszej Maryi Panny oraz przy Promenadzie Niemena.<\/p>\n\n\n\n<p>Z oczyszczania wn\u0119trza samochodu b\u0119dzie mo\u017cna skorzysta\u0107 na parkingu przed g\u0142\u00f3wnym budynkiem Urz\u0119du Miasta przy ul. \u015al\u0105skiej 11\/13 (wjazd na parking od ul. Waszyngtona\u2013 wy\u0142\u0105cznie od strony alei Wolno\u015bci, Pasa\u017cu Opolczyka\/Tuwima, bo obecnie obowi\u0105zuje tu jeden kierunek) w najbli\u017csz\u0105 sobot\u0119, mi\u0119dzy godzin\u0105 <strong>10:00 a 14:00<\/strong>. Akcja odb\u0119dzie si\u0119 pod patronatem Prezydenta Miasta Cz\u0119stochowy i przy wsparciu organizacyjnym Urz\u0119du Miasta.<\/p>\n\n\n\n<p>W razie du\u017cego zainteresowania dezynfekcja mo\u017ce si\u0119 wyd\u0142u\u017cy\u0107 tak\nby wszyscy przybyli kierowcy mogli z niej skorzysta\u0107.<\/p>\n\n\n\n<p>W akcji u\u017cyta zostanie technika zamg\u0142awiania przy u\u017cyciu\nzamg\u0142awiacza termicznego, preparatu dezynfekcyjnego od Medisept (polskiego\nproducenta wysokiej jako\u015bci preparat\u00f3w do dezynfekcji i \u015brodk\u00f3w utrzymania czysto\u015bci)\noraz no\u015bnika mg\u0142y M-FOG. <\/p>\n\n\n\n<p>Zdaniem specjalist\u00f3w metoda ta\nmo\u017ce by\u0107 z powodzeniem stosowana do realizacji zabieg\u00f3w dezynfekcyjnych w\npomieszczeniach zamkni\u0119tych, w tym w obr\u0119bie zamkni\u0119tych kabin pojazd\u00f3w.<\/p>\n\n\n\n<figure class=\"wp-block-image size-large\"><img decoding=\"async\" width=\"599\" height=\"353\" data-src=\"https:\/\/gazetaregionalna.com\/wp-content\/uploads\/2020\/09\/dezynfekcja_auto_slider.jpg\" alt=\"\" class=\"wp-image-20520 lazyload\" data-srcset=\"https:\/\/gazetaregionalna.com\/wp-content\/uploads\/2020\/09\/dezynfekcja_auto_slider.jpg 599w, https:\/\/gazetaregionalna.com\/wp-content\/uploads\/2020\/09\/dezynfekcja_auto_slider-300x177.jpg 300w\" data-sizes=\"(max-width: 599px) 100vw, 599px\" src=\"data:image\/svg+xml;base64,PHN2ZyB3aWR0aD0iMSIgaGVpZ2h0PSIxIiB4bWxucz0iaHR0cDovL3d3dy53My5vcmcvMjAwMC9zdmciPjwvc3ZnPg==\" style=\"--smush-placeholder-width: 599px; --smush-placeholder-aspect-ratio: 599\/353;\" \/><figcaption>Fot: UM Cz\u0119stochowa, zdjecie z pierwszej akcji dezynfekcji<\/figcaption><\/figure>\n\n\n\n<p>Sama dezynfekcja trwa\nkilkana\u015bcie lub kilkadziesi\u0105t sekund, nast\u0119pnie samoch\u00f3d trzeba pozostawi\u0107\nzamkni\u0119ty na kilkana\u015bcie minut, po czym \u2013 po wywietrzeniu \u2013 mo\u017cna nim dalej\njecha\u0107. &nbsp;<\/p>\n\n\n\n<p>Firma Ecco Logic wraz z Urz\u0119dem Miasta Cz\u0119stochowy zaprasza wszystkich, kt\u00f3rzy chcieliby w ten spos\u00f3b bezp\u0142atnie \u201eod\u015bwie\u017cy\u0107\u201d sw\u00f3j pojazd, tym bardziej po okresie wakacyjnych wyjazd\u00f3w. Organizator zach\u0119ca szczeg\u00f3lnie tych, kt\u00f3rzy wykorzystuj\u0105 sw\u00f3j samoch\u00f3d do przewozu innych, np. cz\u0119stochowskich taks\u00f3wkarzy.<br> Z pierwszej akcji bezp\u0142atnej dezynfekcji samochod\u00f3w skorzysta\u0142o ponad 150 posiadaczy \u201eczterech k\u00f3\u0142ek\u201d.<\/p>\n\n\n\n<figure class=\"wp-block-image size-large\"><img decoding=\"async\" width=\"600\" height=\"353\" data-src=\"https:\/\/gazetaregionalna.com\/wp-content\/uploads\/2020\/09\/dezynfekcja_aut_slider.jpg\" alt=\"\" class=\"wp-image-20521 lazyload\" data-srcset=\"https:\/\/gazetaregionalna.com\/wp-content\/uploads\/2020\/09\/dezynfekcja_aut_slider.jpg 600w, https:\/\/gazetaregionalna.com\/wp-content\/uploads\/2020\/09\/dezynfekcja_aut_slider-300x177.jpg 300w\" data-sizes=\"(max-width: 600px) 100vw, 600px\" src=\"data:image\/svg+xml;base64,PHN2ZyB3aWR0aD0iMSIgaGVpZ2h0PSIxIiB4bWxucz0iaHR0cDovL3d3dy53My5vcmcvMjAwMC9zdmciPjwvc3ZnPg==\" style=\"--smush-placeholder-width: 600px; --smush-placeholder-aspect-ratio: 600\/353;\" \/><figcaption>Fot: UM Cz\u0119stochowa,<em> zdjecie z pierwszej akcji dezynfekcji<\/em> <\/figcaption><\/figure>\n","protected":false},"excerpt":{"rendered":"<p>W sobot\u0119 12 wrze\u015bnia od godziny 10:00 do 13:00 na parkingu przed Urz\u0119dem Miasta Cz\u0119stochowy po raz drugi odb\u0119dzie si\u0119 darmowa Akcja Dezynfekcji Samochod\u00f3w.<\/p>\n","protected":false},"author":12,"featured_media":20519,"comment_status":"open","ping_status":"open","sticky":false,"template":"","format":"standard","meta":{"_monsterinsights_skip_tracking":false,"_monsterinsights_sitenote_active":false,"_monsterinsights_sitenote_note":"","_monsterinsights_sitenote_category":0,"_uf_show_specific_survey":0,"_uf_disable_surveys":false,"footnotes":""},"categories":[18,3,94,2],"tags":[144,537],"class_list":["post-20517","post","type-post","status-publish","format-standard","has-post-thumbnail","hentry","category-motoryzacja","category-czestochowa-informacje","category-polecane","category-wiadomosci","tag-czestochowa","tag-dezynfekcja"],"_links":{"self":[{"href":"https:\/\/gazetaregionalna.com\/index.php?rest_route=\/wp\/v2\/posts\/20517","targetHints":{"allow":["GET"]}}],"collection":[{"href":"https:\/\/gazetaregionalna.com\/index.php?rest_route=\/wp\/v2\/posts"}],"about":[{"href":"https:\/\/gazetaregionalna.com\/index.php?rest_route=\/wp\/v2\/types\/post"}],"author":[{"embeddable":true,"href":"https:\/\/gazetaregionalna.com\/index.php?rest_route=\/wp\/v2\/users\/12"}],"replies":[{"embeddable":true,"href":"https:\/\/gazetaregionalna.com\/index.php?rest_route=%2Fwp%2Fv2%2Fcomments&post=20517"}],"version-history":[{"count":3,"href":"https:\/\/gazetaregionalna.com\/index.php?rest_route=\/wp\/v2\/posts\/20517\/revisions"}],"predecessor-version":[{"id":20523,"href":"https:\/\/gazetaregionalna.com\/index.php?rest_route=\/wp\/v2\/posts\/20517\/revisions\/20523"}],"wp:featuredmedia":[{"embeddable":true,"href":"https:\/\/gazetaregionalna.com\/index.php?rest_route=\/wp\/v2\/media\/20519"}],"wp:attachment":[{"href":"https:\/\/gazetaregionalna.com\/index.php?rest_route=%2Fwp%2Fv2%2Fmedia&parent=20517"}],"wp:term":[{"taxonomy":"category","embeddable":true,"href":"https:\/\/gazetaregionalna.com\/index.php?rest_route=%2Fwp%2Fv2%2Fcategories&post=20517"},{"taxonomy":"post_tag","embeddable":true,"href":"https:\/\/gazetaregionalna.com\/index.php?rest_route=%2Fwp%2Fv2%2Ftags&post=20517"}],"curies":[{"name":"wp","href":"https:\/\/api.w.org\/{rel}","templated":true}]}}