{"id":20513,"date":"2020-09-09T13:14:26","date_gmt":"2020-09-09T13:14:26","guid":{"rendered":"https:\/\/gazetaregionalna.com\/?p=20513"},"modified":"2020-09-09T13:14:28","modified_gmt":"2020-09-09T13:14:28","slug":"smiertelnego-potracenia","status":"publish","type":"post","link":"https:\/\/gazetaregionalna.com\/?p=20513","title":{"rendered":"Policja szuka \u015bwiadk\u00f3w \u015bmiertelnego potr\u0105cenia pieszego w Poczesnej"},"content":{"rendered":"\n<h2 class=\"wp-block-heading\">Komenda Miejska Policji w Cz\u0119stochowie szuka \u015bwiadk\u00f3w \u015bmiertelnego potr\u0105cenia pieszego, do kt\u00f3rego dosz\u0142o <strong>8 wrze\u015bnia 2020<\/strong> roku oko\u0142o godziny <strong>23:00 na DK-1 w Poczesnej<\/strong>.<\/h2>\n\n\n\n<p>To kolejnego tragiczne zdarzenie w powiecie cz\u0119stochowskim, do\nkt\u00f3rego dosz\u0142o w ci\u0105gu ostatnich czterech dni. Ze wst\u0119pnych ustale\u0144 policjant\u00f3w\nwynika, \u017ce pieszy, 42-letni mieszkaniec gminy Poczesna wraz ze swym psem wszed\u0142\nna czerwonym \u015bwietle na przej\u015bcie dla pieszych wprost pod nadje\u017cd\u017caj\u0105cy samoch\u00f3d.<\/p>\n\n\n\n<p>Jad\u0105cy w stron\u0119 Cz\u0119stochowy kierowca VW nie mia\u0142 szans w por\u0119 zahamowa\u0107\ni niestety dosz\u0142o do zderzenia. 42-latek i jego pies zgin\u0119li na miejscu.\nKierowca samochodu by\u0142 trze\u017awy.<\/p>\n\n\n\n<p>\u015aledczy pod nadzorem prokuratora ustalaj\u0105 okoliczno\u015bci i\nprzebieg tego tragicznego wypadku. Apeluj\u0105 tak\u017ce do \u015bwiadk\u00f3w, kt\u00f3rzy widzieli\nwypadek, aby skontaktowali si\u0119 z Komend\u0105 Miejsk\u0105 Policji w Cz\u0119stochowie przy\nul. Popie\u0142uszki 5, tel<strong>. 47 85 812 55, 47 85 812 66 lub 997<\/strong><strong> <\/strong>w\ncelu pomocy ustalenia przebiegu zdarzenia.<\/p>\n\n\n\n<p>Policja przypomina tak\u017ce, \u017ce kieruj\u0105cy, kt\u00f3ry zbli\u017ca si\u0119 do\nprzej\u015bcia dla pieszych, powinien zachowa\u0107 szczeg\u00f3ln\u0105 ostro\u017cno\u015b\u0107 i ust\u0105pi\u0107\npierwsze\u0144stwa pieszemu znajduj\u0105cemu si\u0119 na przej\u015bciu. A je\u015bli skr\u0119ca w drog\u0119\npoprzeczn\u0105, jest zobowi\u0105zany ust\u0105pi\u0107 pierwsze\u0144stwa pieszemu przechodz\u0105cemu na\nskrzy\u017cowaniu przez jezdni\u0119 drogi, na kt\u00f3r\u0105 wje\u017cd\u017ca.<\/p>\n\n\n\n<p>Jest te\u017c apel do pieszych by dbali o swoje bezpiecze\u0144stwo,\ndlatego po zmroku powinni u\u017cywa\u0107 element\u00f3w odblaskowych nie tylko poza obszarem\nzabudowanym, ale na wszystkich nieo\u015bwietlonych drogach, tak\u017ce w obszarze\nzabudowanym.<br>\n<br>\nKorzystanie z element\u00f3w odblaskowych kilkukrotnie zwi\u0119ksza widoczno\u015b\u0107 pieszego\nczy rowerzysty, przez co kieruj\u0105cy pojazdem ma wi\u0119cej czasu na wykonanie\nmanewru wymijania, omijania b\u0105d\u017a hamowania.<\/p>\n","protected":false},"excerpt":{"rendered":"<p>Komenda Miejska Policji w Cz\u0119stochowie szuka \u015bwiadk\u00f3w \u015bmiertelnego potr\u0105cenia pieszego, do kt\u00f3rego dosz\u0142o 8 wrze\u015bnia 2020 roku oko\u0142o godziny 23:00 na DK-1 w Poczesnej.<\/p>\n","protected":false},"author":12,"featured_media":20515,"comment_status":"open","ping_status":"open","sticky":false,"template":"","format":"standard","meta":{"_monsterinsights_skip_tracking":false,"_monsterinsights_sitenote_active":false,"_monsterinsights_sitenote_note":"","_monsterinsights_sitenote_category":0,"_uf_show_specific_survey":0,"_uf_disable_surveys":false,"footnotes":""},"categories":[44,3,94,4,2],"tags":[771,772,773,704],"class_list":["post-20513","post","type-post","status-publish","format-standard","has-post-thumbnail","hentry","category-bezpieczenstwo","category-czestochowa-informacje","category-polecane","category-region","category-wiadomosci","tag-poczesna","tag-potracenie-pieszego","tag-smierc-na-pasach","tag-wypadek"],"_links":{"self":[{"href":"https:\/\/gazetaregionalna.com\/index.php?rest_route=\/wp\/v2\/posts\/20513","targetHints":{"allow":["GET"]}}],"collection":[{"href":"https:\/\/gazetaregionalna.com\/index.php?rest_route=\/wp\/v2\/posts"}],"about":[{"href":"https:\/\/gazetaregionalna.com\/index.php?rest_route=\/wp\/v2\/types\/post"}],"author":[{"embeddable":true,"href":"https:\/\/gazetaregionalna.com\/index.php?rest_route=\/wp\/v2\/users\/12"}],"replies":[{"embeddable":true,"href":"https:\/\/gazetaregionalna.com\/index.php?rest_route=%2Fwp%2Fv2%2Fcomments&post=20513"}],"version-history":[{"count":2,"href":"https:\/\/gazetaregionalna.com\/index.php?rest_route=\/wp\/v2\/posts\/20513\/revisions"}],"predecessor-version":[{"id":20516,"href":"https:\/\/gazetaregionalna.com\/index.php?rest_route=\/wp\/v2\/posts\/20513\/revisions\/20516"}],"wp:featuredmedia":[{"embeddable":true,"href":"https:\/\/gazetaregionalna.com\/index.php?rest_route=\/wp\/v2\/media\/20515"}],"wp:attachment":[{"href":"https:\/\/gazetaregionalna.com\/index.php?rest_route=%2Fwp%2Fv2%2Fmedia&parent=20513"}],"wp:term":[{"taxonomy":"category","embeddable":true,"href":"https:\/\/gazetaregionalna.com\/index.php?rest_route=%2Fwp%2Fv2%2Fcategories&post=20513"},{"taxonomy":"post_tag","embeddable":true,"href":"https:\/\/gazetaregionalna.com\/index.php?rest_route=%2Fwp%2Fv2%2Ftags&post=20513"}],"curies":[{"name":"wp","href":"https:\/\/api.w.org\/{rel}","templated":true}]}}