{"id":20506,"date":"2020-09-09T12:16:01","date_gmt":"2020-09-09T12:16:01","guid":{"rendered":"https:\/\/gazetaregionalna.com\/?p=20506"},"modified":"2020-09-09T12:17:34","modified_gmt":"2020-09-09T12:17:34","slug":"niewybuch-na-armii-krajowej-w-czestochowie","status":"publish","type":"post","link":"https:\/\/gazetaregionalna.com\/?p=20506","title":{"rendered":"Niewybuch na Armii Krajowej w Cz\u0119stochowie"},"content":{"rendered":"\n<h2 class=\"wp-block-heading\"> <br> Niewybuch na Armii Krajowej w Cz\u0119stochowie. <\/h2>\n\n\n\n<p>Ulica jest zamkni\u0119ta dla ruchu na odcinku od ulicy PCK do ul. Dekabryst\u00f3w. Policja wytyczy\u0142a objazdy ulicami PCK i Dekabryst\u00f3w.<\/p>\n\n\n\n<figure class=\"wp-block-image size-large\"><img decoding=\"async\" width=\"1024\" height=\"576\" data-src=\"https:\/\/gazetaregionalna.com\/wp-content\/uploads\/2020\/09\/b4-1024x576.jpg\" alt=\"\" class=\"wp-image-20508 lazyload\" data-srcset=\"https:\/\/gazetaregionalna.com\/wp-content\/uploads\/2020\/09\/b4-1024x576.jpg 1024w, https:\/\/gazetaregionalna.com\/wp-content\/uploads\/2020\/09\/b4-300x169.jpg 300w, https:\/\/gazetaregionalna.com\/wp-content\/uploads\/2020\/09\/b4-768x432.jpg 768w, https:\/\/gazetaregionalna.com\/wp-content\/uploads\/2020\/09\/b4-1536x864.jpg 1536w, https:\/\/gazetaregionalna.com\/wp-content\/uploads\/2020\/09\/b4-696x392.jpg 696w, https:\/\/gazetaregionalna.com\/wp-content\/uploads\/2020\/09\/b4-1068x601.jpg 1068w, https:\/\/gazetaregionalna.com\/wp-content\/uploads\/2020\/09\/b4-747x420.jpg 747w, https:\/\/gazetaregionalna.com\/wp-content\/uploads\/2020\/09\/b4.jpg 1200w\" data-sizes=\"(max-width: 1024px) 100vw, 1024px\" src=\"data:image\/svg+xml;base64,PHN2ZyB3aWR0aD0iMSIgaGVpZ2h0PSIxIiB4bWxucz0iaHR0cDovL3d3dy53My5vcmcvMjAwMC9zdmciPjwvc3ZnPg==\" style=\"--smush-placeholder-width: 1024px; --smush-placeholder-aspect-ratio: 1024\/576;\" \/><\/figure>\n\n\n\n<p><br> Niewybuch znale\u017ali robotnicy pracuj\u0105cy przy budowie torowiska na Tysi\u0105cleciu. Pocisk 15 cm znajdowa\u0142 si\u0119 w ziemi. Odkryto go\u00a0w czasie\u00a0rob\u00f3t ziemnych prowadzonych na wysoko\u015bci Hali Polonia.<br> O znalezisku powiadomiono saper\u00f3w, kt\u00f3rzy maj\u0105 go zabra\u0107 i unieszkodliwi\u0107 na poligonie.<\/p>\n\n\n\n<figure class=\"wp-block-image size-large\"><img decoding=\"async\" width=\"1024\" height=\"576\" data-src=\"https:\/\/gazetaregionalna.com\/wp-content\/uploads\/2020\/09\/b2-1024x576.jpg\" alt=\"\" class=\"wp-image-20509 lazyload\" data-srcset=\"https:\/\/gazetaregionalna.com\/wp-content\/uploads\/2020\/09\/b2-1024x576.jpg 1024w, https:\/\/gazetaregionalna.com\/wp-content\/uploads\/2020\/09\/b2-300x169.jpg 300w, https:\/\/gazetaregionalna.com\/wp-content\/uploads\/2020\/09\/b2-768x432.jpg 768w, https:\/\/gazetaregionalna.com\/wp-content\/uploads\/2020\/09\/b2-1536x864.jpg 1536w, https:\/\/gazetaregionalna.com\/wp-content\/uploads\/2020\/09\/b2-696x392.jpg 696w, https:\/\/gazetaregionalna.com\/wp-content\/uploads\/2020\/09\/b2-1068x601.jpg 1068w, https:\/\/gazetaregionalna.com\/wp-content\/uploads\/2020\/09\/b2-747x420.jpg 747w, https:\/\/gazetaregionalna.com\/wp-content\/uploads\/2020\/09\/b2.jpg 1200w\" data-sizes=\"(max-width: 1024px) 100vw, 1024px\" src=\"data:image\/svg+xml;base64,PHN2ZyB3aWR0aD0iMSIgaGVpZ2h0PSIxIiB4bWxucz0iaHR0cDovL3d3dy53My5vcmcvMjAwMC9zdmciPjwvc3ZnPg==\" style=\"--smush-placeholder-width: 1024px; --smush-placeholder-aspect-ratio: 1024\/576;\" \/><\/figure>\n\n\n\n<p><br> Najprawdopodobniej jest po pocisk artyleryjski. W tym rejonie miasta w czasie II wojny \u015bwiatowej znajdowa\u0142y si\u0119 bowiem stanowiska artyleryjskie.<\/p>\n\n\n\n<p><br> Na takie niespodzianki natrafiano w tej cz\u0119\u015bci Tysi\u0105clecia wielokrotnie. Nie tak dawno, w trakcie budowy placu zabaw u zbiegu\u00a0al. Armii\u00a0Krajowej i ulicy Dekabryst\u00f3w a\u017c trzy razy do odnalezionych pocisk\u00f3w wzywano saper\u00f3w.  <\/p>\n\n\n\n<p>(info. i fot. IBS)<\/p>\n","protected":false},"excerpt":{"rendered":"<p>Niewybuch na Armii Krajowej w Cz\u0119stochowie. Ulica jest zamkni\u0119ta dla ruchu na odcinku od ulicy PCK do ul. Dekabryst\u00f3w. Policja wytyczy\u0142a objazdy ulicami PCK<\/p>\n","protected":false},"author":7,"featured_media":20510,"comment_status":"open","ping_status":"open","sticky":false,"template":"","format":"standard","meta":{"_monsterinsights_skip_tracking":false,"_monsterinsights_sitenote_active":false,"_monsterinsights_sitenote_note":"","_monsterinsights_sitenote_category":0,"_uf_show_specific_survey":0,"_uf_disable_surveys":false,"footnotes":""},"categories":[94,3,2],"tags":[],"class_list":["post-20506","post","type-post","status-publish","format-standard","has-post-thumbnail","hentry","category-polecane","category-czestochowa-informacje","category-wiadomosci"],"_links":{"self":[{"href":"https:\/\/gazetaregionalna.com\/index.php?rest_route=\/wp\/v2\/posts\/20506","targetHints":{"allow":["GET"]}}],"collection":[{"href":"https:\/\/gazetaregionalna.com\/index.php?rest_route=\/wp\/v2\/posts"}],"about":[{"href":"https:\/\/gazetaregionalna.com\/index.php?rest_route=\/wp\/v2\/types\/post"}],"author":[{"embeddable":true,"href":"https:\/\/gazetaregionalna.com\/index.php?rest_route=\/wp\/v2\/users\/7"}],"replies":[{"embeddable":true,"href":"https:\/\/gazetaregionalna.com\/index.php?rest_route=%2Fwp%2Fv2%2Fcomments&post=20506"}],"version-history":[{"count":3,"href":"https:\/\/gazetaregionalna.com\/index.php?rest_route=\/wp\/v2\/posts\/20506\/revisions"}],"predecessor-version":[{"id":20512,"href":"https:\/\/gazetaregionalna.com\/index.php?rest_route=\/wp\/v2\/posts\/20506\/revisions\/20512"}],"wp:featuredmedia":[{"embeddable":true,"href":"https:\/\/gazetaregionalna.com\/index.php?rest_route=\/wp\/v2\/media\/20510"}],"wp:attachment":[{"href":"https:\/\/gazetaregionalna.com\/index.php?rest_route=%2Fwp%2Fv2%2Fmedia&parent=20506"}],"wp:term":[{"taxonomy":"category","embeddable":true,"href":"https:\/\/gazetaregionalna.com\/index.php?rest_route=%2Fwp%2Fv2%2Fcategories&post=20506"},{"taxonomy":"post_tag","embeddable":true,"href":"https:\/\/gazetaregionalna.com\/index.php?rest_route=%2Fwp%2Fv2%2Ftags&post=20506"}],"curies":[{"name":"wp","href":"https:\/\/api.w.org\/{rel}","templated":true}]}}