{"id":20480,"date":"2020-09-09T07:26:07","date_gmt":"2020-09-09T07:26:07","guid":{"rendered":"https:\/\/gazetaregionalna.com\/?p=20480"},"modified":"2020-09-09T07:26:11","modified_gmt":"2020-09-09T07:26:11","slug":"cos-dla-milosnikow-plyt-winylowych","status":"publish","type":"post","link":"https:\/\/gazetaregionalna.com\/?p=20480","title":{"rendered":"Co\u015b dla mi\u0142o\u015bnik\u00f3w p\u0142yt winylowych i CD"},"content":{"rendered":"\n<h2 class=\"wp-block-heading\"><strong>11 oraz 12 wrze\u015bnia br.<\/strong> w Galerii Jurajskiej w Cz\u0119stochowie odb\u0119dzie si\u0119 <strong>Gie\u0142da P\u0142yt Winylowych i CD<\/strong>. Kiermasz p\u0142ytowy b\u0119dzie trwa\u0142 od godziny 10:00 do 22:00 w pasa\u017cu przed Costa cafe.<\/h2>\n\n\n\n<p>Organizatorzy gie\u0142dy zapraszaj\u0105 wszystkich fan\u00f3w muzyki, kt\u00f3rzy mog\u0105 liczy\u0107 na p\u0142yty w ka\u017cdym gatunku muzycznym. Znajd\u0105 si\u0119 tu na pewno rzadkie okazy, kt\u00f3re zasil\u0105 kolekcj\u0119 niejednego entuzjasty.<\/p>\n\n\n\n<figure class=\"wp-block-image size-large is-resized\"><img decoding=\"async\" data-src=\"https:\/\/gazetaregionalna.com\/wp-content\/uploads\/2020\/09\/plakat-3-724x1024.jpg\" alt=\"\" class=\"wp-image-20483 lazyload\" width=\"535\" height=\"757\" data-srcset=\"https:\/\/gazetaregionalna.com\/wp-content\/uploads\/2020\/09\/plakat-3-724x1024.jpg 724w, https:\/\/gazetaregionalna.com\/wp-content\/uploads\/2020\/09\/plakat-3-212x300.jpg 212w, https:\/\/gazetaregionalna.com\/wp-content\/uploads\/2020\/09\/plakat-3-768x1086.jpg 768w, https:\/\/gazetaregionalna.com\/wp-content\/uploads\/2020\/09\/plakat-3-1086x1536.jpg 1086w, https:\/\/gazetaregionalna.com\/wp-content\/uploads\/2020\/09\/plakat-3-696x984.jpg 696w, https:\/\/gazetaregionalna.com\/wp-content\/uploads\/2020\/09\/plakat-3-1068x1511.jpg 1068w, https:\/\/gazetaregionalna.com\/wp-content\/uploads\/2020\/09\/plakat-3-297x420.jpg 297w, https:\/\/gazetaregionalna.com\/wp-content\/uploads\/2020\/09\/plakat-3.jpg 1131w\" data-sizes=\"(max-width: 535px) 100vw, 535px\" src=\"data:image\/svg+xml;base64,PHN2ZyB3aWR0aD0iMSIgaGVpZ2h0PSIxIiB4bWxucz0iaHR0cDovL3d3dy53My5vcmcvMjAwMC9zdmciPjwvc3ZnPg==\" style=\"--smush-placeholder-width: 535px; --smush-placeholder-aspect-ratio: 535\/757;\" \/><figcaption>Fot: Galeria Jurajska<\/figcaption><\/figure>\n","protected":false},"excerpt":{"rendered":"<p>11 oraz 12 wrze\u015bnia br. w Galerii Jurajskiej w Cz\u0119stochowie odb\u0119dzie si\u0119 Gie\u0142da P\u0142yt Winylowych i CD. Kiermasz p\u0142ytowy b\u0119dzie trwa\u0142 od godziny 10:00<\/p>\n","protected":false},"author":12,"featured_media":20482,"comment_status":"open","ping_status":"open","sticky":false,"template":"","format":"standard","meta":{"_monsterinsights_skip_tracking":false,"_monsterinsights_sitenote_active":false,"_monsterinsights_sitenote_note":"","_monsterinsights_sitenote_category":0,"_uf_show_specific_survey":0,"_uf_disable_surveys":false,"footnotes":""},"categories":[94,3,27,25,26,4,2],"tags":[765,151,764],"class_list":["post-20480","post","type-post","status-publish","format-standard","has-post-thumbnail","hentry","category-polecane","category-czestochowa-informacje","category-klobuck-informacje","category-lubliniec","category-myszkow","category-region","category-wiadomosci","tag-cd","tag-galeria-jurajska","tag-plyty-winylowe"],"_links":{"self":[{"href":"https:\/\/gazetaregionalna.com\/index.php?rest_route=\/wp\/v2\/posts\/20480","targetHints":{"allow":["GET"]}}],"collection":[{"href":"https:\/\/gazetaregionalna.com\/index.php?rest_route=\/wp\/v2\/posts"}],"about":[{"href":"https:\/\/gazetaregionalna.com\/index.php?rest_route=\/wp\/v2\/types\/post"}],"author":[{"embeddable":true,"href":"https:\/\/gazetaregionalna.com\/index.php?rest_route=\/wp\/v2\/users\/12"}],"replies":[{"embeddable":true,"href":"https:\/\/gazetaregionalna.com\/index.php?rest_route=%2Fwp%2Fv2%2Fcomments&post=20480"}],"version-history":[{"count":2,"href":"https:\/\/gazetaregionalna.com\/index.php?rest_route=\/wp\/v2\/posts\/20480\/revisions"}],"predecessor-version":[{"id":20484,"href":"https:\/\/gazetaregionalna.com\/index.php?rest_route=\/wp\/v2\/posts\/20480\/revisions\/20484"}],"wp:featuredmedia":[{"embeddable":true,"href":"https:\/\/gazetaregionalna.com\/index.php?rest_route=\/wp\/v2\/media\/20482"}],"wp:attachment":[{"href":"https:\/\/gazetaregionalna.com\/index.php?rest_route=%2Fwp%2Fv2%2Fmedia&parent=20480"}],"wp:term":[{"taxonomy":"category","embeddable":true,"href":"https:\/\/gazetaregionalna.com\/index.php?rest_route=%2Fwp%2Fv2%2Fcategories&post=20480"},{"taxonomy":"post_tag","embeddable":true,"href":"https:\/\/gazetaregionalna.com\/index.php?rest_route=%2Fwp%2Fv2%2Ftags&post=20480"}],"curies":[{"name":"wp","href":"https:\/\/api.w.org\/{rel}","templated":true}]}}