{"id":20410,"date":"2020-09-07T14:31:55","date_gmt":"2020-09-07T14:31:55","guid":{"rendered":"https:\/\/gazetaregionalna.com\/?p=20410"},"modified":"2020-09-07T14:31:57","modified_gmt":"2020-09-07T14:31:57","slug":"eltrox-wlokniarz-37","status":"publish","type":"post","link":"https:\/\/gazetaregionalna.com\/?p=20410","title":{"rendered":"Eltrox W\u0142\u00f3kniarz drugi raz w tym sezonie b\u0119dzie \u015bciga\u0142 si\u0119 w Rybniku z ROW-em&#8230; w rundzie zasadniczej"},"content":{"rendered":"\n<p>Eltrox W\u0142\u00f3kniarz Cz\u0119stochowa w \u015brod\u0119\nw Rybniku odjedzie zaleg\u0142e spotkanie z ROW-em. Dru\u017cyny po raz drugi\nw obecnym sezonie b\u0119d\u0105 w&#8230; rundzie zasadniczej \u015bciga\u0107 si\u0119\nmi\u0119dzy sob\u0105 w Rybniku.<\/p>\n\n\n\n<p>Do meczu Eltrox W\u0142\u00f3kniarz \u2013 ROW\nRybnik mia\u0142o doj\u015b\u0107 w miniony pi\u0105tek w Cz\u0119stochowie. Spotkanie\nzosta\u0142o jednak odwo\u0142ane ze wzgl\u0119du na z\u0142y stan toru, kt\u00f3rego po\nawarii kanalizacji nie uda\u0142o si\u0119 odpowiednio przygotowa\u0107.\nDzia\u0142acze W\u0142\u00f3kniarza musz\u0105 teraz spieszy\u0107 si\u0119 z pracami na\ntorze w Cz\u0119stochowie by przy awansie dru\u017cyny do play-off tor by\u0142\nprzygotowany do jazdy na p\u00f3\u0142fina\u0142y i mecze o medale. Z uwagi na\nfakt, \u017ce mamy ko\u0144c\u00f3wk\u0119 sezonu dru\u017cyny um\u00f3wi\u0142y si\u0119, \u017ce odjad\u0105\nzaleg\u0142e spotkanie w Rybniku. \n<\/p>\n\n\n\n<p>Podopieczni trenera <strong>Piotra \u015awiderskiego<\/strong> na dwie kolejki przed ko\u0144cem rundy zasadniczej maj\u0105 na koncie 16 punkt\u00f3w i zajmuj\u0105 4. pozycj\u0119. W \u015brod\u0119 W\u0142\u00f3kniarz jedzie do Rybnika i raczej zgarnie 3 punkty. Ale w ostatniej kolejce pojedzie do Leszna na mecz z liderem Fogo Uni\u0105. Unia przegra\u0142a w niedziel\u0119 wyra\u017anie w Zielonej G\u00f3rze 38:52, ale nawet pora\u017cka z W\u0142\u00f3kniarzem w ostatniej kolejce nie odbierze jej pierwszego miejsca przed play-off.  <\/p>\n\n\n\n<p>Wa\u017cne spotkanie dla uk\u0142adu tabeli odb\u0119dzie si\u0119 te\u017c we wtorek w Grudzi\u0105dzu. GKM podejmowa\u0107 b\u0119dzie Motor Lublin, kt\u00f3ry ma tyle samo punkt\u00f3w co cz\u0119stochowska dru\u017cyna. Kibice W\u0142\u00f3kniarza b\u0119d\u0105 trzyma\u0107 kciuki za GKM-em&#8230;. W ostatniej kolejce Motor podejmowa\u0107 b\u0119dzie u siebie Falubaz Zielona G\u00f3ra. <\/p>\n\n\n\n<p>Awizowane sk\u0142ady:<\/p>\n\n\n\n<p>Eltrox W\u0142\u00f3kniarz Cz\u0119stochowa:<\/p>\n\n\n\n<p>1. Leon Madsen<\/p>\n\n\n\n<p>2. Pawe\u0142 Przedpe\u0142ski<\/p>\n\n\n\n<p>3. Rune Holta<\/p>\n\n\n\n<p>4. Jason Doyle<\/p>\n\n\n\n<p>5. Fredrik Lindgren<\/p>\n\n\n\n<p>6. Jakub Mi\u015bkowiak<\/p>\n\n\n\n<p>7. Mateusz \u015awidnicki<\/p>\n\n\n\n<p>PGG ROW Rybnik:<\/p>\n\n\n\n<p>9. Kacper Woryna<\/p>\n\n\n\n<p>10. Mateusz Szczepaniak<\/p>\n\n\n\n<p>11. Siergiej \u0141ogaczow<\/p>\n\n\n\n<p>12. Vaclav Milik<\/p>\n\n\n\n<p>13. Przemys\u0142aw Giera<\/p>\n\n\n\n<p>14. Kamil Nowacki<\/p>\n\n\n\n<p>15. Mateusz Tudzie\u017c<\/p>\n\n\n\n<p>Foto: Gazeta Regionalna<\/p>\n","protected":false},"excerpt":{"rendered":"<p>Eltrox W\u0142\u00f3kniarz Cz\u0119stochowa w \u015brod\u0119 w Rybniku odjedzie zaleg\u0142e spotkanie z ROW-em. Dru\u017cyny po raz drugi w obecnym sezonie b\u0119d\u0105 w&#8230; rundzie zasadniczej \u015bciga\u0107<\/p>\n","protected":false},"author":15,"featured_media":16086,"comment_status":"open","ping_status":"open","sticky":false,"template":"","format":"standard","meta":{"_monsterinsights_skip_tracking":false,"_monsterinsights_sitenote_active":false,"_monsterinsights_sitenote_note":"","_monsterinsights_sitenote_category":0,"_uf_show_specific_survey":0,"_uf_disable_surveys":false,"footnotes":""},"categories":[5,7],"tags":[],"class_list":["post-20410","post","type-post","status-publish","format-standard","has-post-thumbnail","hentry","category-sport","category-zuzel"],"_links":{"self":[{"href":"https:\/\/gazetaregionalna.com\/index.php?rest_route=\/wp\/v2\/posts\/20410","targetHints":{"allow":["GET"]}}],"collection":[{"href":"https:\/\/gazetaregionalna.com\/index.php?rest_route=\/wp\/v2\/posts"}],"about":[{"href":"https:\/\/gazetaregionalna.com\/index.php?rest_route=\/wp\/v2\/types\/post"}],"author":[{"embeddable":true,"href":"https:\/\/gazetaregionalna.com\/index.php?rest_route=\/wp\/v2\/users\/15"}],"replies":[{"embeddable":true,"href":"https:\/\/gazetaregionalna.com\/index.php?rest_route=%2Fwp%2Fv2%2Fcomments&post=20410"}],"version-history":[{"count":1,"href":"https:\/\/gazetaregionalna.com\/index.php?rest_route=\/wp\/v2\/posts\/20410\/revisions"}],"predecessor-version":[{"id":20411,"href":"https:\/\/gazetaregionalna.com\/index.php?rest_route=\/wp\/v2\/posts\/20410\/revisions\/20411"}],"wp:featuredmedia":[{"embeddable":true,"href":"https:\/\/gazetaregionalna.com\/index.php?rest_route=\/wp\/v2\/media\/16086"}],"wp:attachment":[{"href":"https:\/\/gazetaregionalna.com\/index.php?rest_route=%2Fwp%2Fv2%2Fmedia&parent=20410"}],"wp:term":[{"taxonomy":"category","embeddable":true,"href":"https:\/\/gazetaregionalna.com\/index.php?rest_route=%2Fwp%2Fv2%2Fcategories&post=20410"},{"taxonomy":"post_tag","embeddable":true,"href":"https:\/\/gazetaregionalna.com\/index.php?rest_route=%2Fwp%2Fv2%2Ftags&post=20410"}],"curies":[{"name":"wp","href":"https:\/\/api.w.org\/{rel}","templated":true}]}}