{"id":2035,"date":"2019-02-15T14:43:56","date_gmt":"2019-02-15T14:43:56","guid":{"rendered":"http:\/\/gazetaregionalna.com\/?p=2035"},"modified":"2019-02-15T14:44:07","modified_gmt":"2019-02-15T14:44:07","slug":"2035","status":"publish","type":"post","link":"https:\/\/gazetaregionalna.com\/?p=2035","title":{"rendered":"\u201eOtyliada\u201d po raz pierwszy w Herbach"},"content":{"rendered":"<p>&nbsp;<\/p>\n<p><span style=\"font-family: Times New Roman, serif;\">W tym roku po raz pierwszy na krytej p\u0142ywalni w Herbach odb\u0119dzie si\u0119 VI Og\u00f3lnopolski Nocny Maraton P\u0142ywacki \u201eOTYLIADA\u201d.<br \/>\n<\/span><span style=\"font-family: Times New Roman, serif;\">W<\/span><span style=\"font-family: Times New Roman, serif;\">szystkich <\/span><span style=\"font-family: Times New Roman, serif;\">zainteresowanych udzia\u0142em, bez wzgl\u0119du na wiek organizatorzy zapraszaj\u0105 do <\/span><span style=\"font-family: Times New Roman, serif;\">uczestnictwa w tym wydarzeniu.<br \/>\nMaraton ma charakter rekreacyjny, jednak dla ka\u017cdego uczestnika to szansa sprawdzenia swoich mo\u017cliwo\u015bci na d\u0142ugich dystansach. Podczas nocy z 16 na 17 marca, stylem dowolnym i w tempie wed\u0142ug w\u0142asnych mo\u017cliwo\u015bci i ch\u0119ci mo\u017cna sprawdzi\u0107 swoje si\u0142y fizyczne i si\u0142\u0119 charakteru. Uczestnicy maratonu mog\u0105 skorzysta\u0107 z przerw w p\u0142ywaniu, jednak nie mog\u0105 one by\u0107 d\u0142u\u017csze ni\u017c 15 minut.<\/span><\/p>\n<p><span style=\"font-family: Times New Roman, serif;\"><img decoding=\"async\" class=\"aligncenter wp-image-2036 size-large lazyload\" data-src=\"http:\/\/gazetaregionalna.com\/wp-content\/uploads\/2019\/02\/plakat-otyliada-druk-1-724x1024.jpg\" alt=\"\" width=\"715\" height=\"1011\" src=\"data:image\/svg+xml;base64,PHN2ZyB3aWR0aD0iMSIgaGVpZ2h0PSIxIiB4bWxucz0iaHR0cDovL3d3dy53My5vcmcvMjAwMC9zdmciPjwvc3ZnPg==\" style=\"--smush-placeholder-width: 715px; --smush-placeholder-aspect-ratio: 715\/1011;\"><br \/>\nWszyscy uczestnicy \u201eOtyliady\u20192019\u201d otrzymaj\u0105 certyfikat uczestnictwa i mini medal. Dla tych, kt\u00f3rzy przep\u0142yn\u0105 najd\u0142u\u017cszy dystans medale i nagrody, maskotki dla najm\u0142odszych uczestnik\u00f3w, r\u0119czniki dla najliczniejszej rodziny i honorowy medal dla najstarszego uczestnika VI Maratonu Otyliada 2019.<br \/>\nZapisy trwaj\u0105 do 20 lutego 2019r. o ile wcze\u015bniej nie b\u0119dzie kompletu zg\u0142oszonych os\u00f3b.<br \/>\nZapisy i op\u0142ata w kwocie 15,00z\u0142 odbywaj\u0105 si\u0119 przez stron\u0119 internetow\u0105: <a href=\"http:\/\/www.otyliada.pl\/?fbclid=IwAR1qSYJ4jivMv3sq9-IuI2gEGMr8Nxst3gYbIOI96XUj8zjc57te732SL5I\" target=\"_blank\" rel=\"noopener\">www.otyliada.pl<\/a> <\/span><\/p>\n<p><span style=\"font-family: Times New Roman, serif;\">(red.)<\/span><\/p>\n","protected":false},"excerpt":{"rendered":"<p>&nbsp; W tym roku po raz pierwszy na krytej p\u0142ywalni w Herbach odb\u0119dzie si\u0119 VI Og\u00f3lnopolski Nocny Maraton P\u0142ywacki \u201eOTYLIADA\u201d. Wszystkich zainteresowanych udzia\u0142em, bez<\/p>\n","protected":false},"author":3,"featured_media":2036,"comment_status":"open","ping_status":"closed","sticky":false,"template":"","format":"standard","meta":{"_monsterinsights_skip_tracking":false,"_monsterinsights_sitenote_active":false,"_monsterinsights_sitenote_note":"","_monsterinsights_sitenote_category":0,"_uf_show_specific_survey":0,"_uf_disable_surveys":false,"footnotes":""},"categories":[15,12,25,4,5,2],"tags":[],"class_list":["post-2035","post","type-post","status-publish","format-standard","has-post-thumbnail","hentry","category-dla-dzieci","category-kultura-i-rozrywka","category-lubliniec","category-region","category-sport","category-wiadomosci"],"_links":{"self":[{"href":"https:\/\/gazetaregionalna.com\/index.php?rest_route=\/wp\/v2\/posts\/2035","targetHints":{"allow":["GET"]}}],"collection":[{"href":"https:\/\/gazetaregionalna.com\/index.php?rest_route=\/wp\/v2\/posts"}],"about":[{"href":"https:\/\/gazetaregionalna.com\/index.php?rest_route=\/wp\/v2\/types\/post"}],"author":[{"embeddable":true,"href":"https:\/\/gazetaregionalna.com\/index.php?rest_route=\/wp\/v2\/users\/3"}],"replies":[{"embeddable":true,"href":"https:\/\/gazetaregionalna.com\/index.php?rest_route=%2Fwp%2Fv2%2Fcomments&post=2035"}],"version-history":[{"count":2,"href":"https:\/\/gazetaregionalna.com\/index.php?rest_route=\/wp\/v2\/posts\/2035\/revisions"}],"predecessor-version":[{"id":2038,"href":"https:\/\/gazetaregionalna.com\/index.php?rest_route=\/wp\/v2\/posts\/2035\/revisions\/2038"}],"wp:featuredmedia":[{"embeddable":true,"href":"https:\/\/gazetaregionalna.com\/index.php?rest_route=\/wp\/v2\/media\/2036"}],"wp:attachment":[{"href":"https:\/\/gazetaregionalna.com\/index.php?rest_route=%2Fwp%2Fv2%2Fmedia&parent=2035"}],"wp:term":[{"taxonomy":"category","embeddable":true,"href":"https:\/\/gazetaregionalna.com\/index.php?rest_route=%2Fwp%2Fv2%2Fcategories&post=2035"},{"taxonomy":"post_tag","embeddable":true,"href":"https:\/\/gazetaregionalna.com\/index.php?rest_route=%2Fwp%2Fv2%2Ftags&post=2035"}],"curies":[{"name":"wp","href":"https:\/\/api.w.org\/{rel}","templated":true}]}}