{"id":2033,"date":"2019-02-15T14:29:59","date_gmt":"2019-02-15T14:29:59","guid":{"rendered":"http:\/\/gazetaregionalna.com\/?p=2033"},"modified":"2019-02-15T14:29:59","modified_gmt":"2019-02-15T14:29:59","slug":"przyznano-stypendia-sportowe","status":"publish","type":"post","link":"https:\/\/gazetaregionalna.com\/?p=2033","title":{"rendered":"Przyznano stypendia sportowe"},"content":{"rendered":"<p>&nbsp;<\/p>\n<p>Burmistrz Lubli\u0144ca przyzna\u0142 stypendia sportowe osobom ze szczeg\u00f3lnymi osi\u0105gni\u0119ciami sportowymi. Kwota stypendium wynosi od 300 do 500 z\u0142 na miesi\u0105c.<\/p>\n<p>Tegorocznymi stypendystami zostali:<\/p>\n<p>Agnieszka Foryta , Zuzanna Luban, Eliza Kwiatkowska \u2013 zawodniczki Sportowego Towarzystwa Badmintona \u201eEnergia\u201d. Dziewczynom przyznano stypendia sportowe wynosz\u0105ce 300 z\u0142. Kolejnymi docenionymi osobami s\u0105 zawodnicy Lublinieckiego Klubu \u201eOyama Karate\u201d: Wiktoria Kubacka (300z\u0142), Emilia Bury (300z\u0142) oraz Kamil Kici\u0144ski (500z\u0142).<\/p>\n<p>Zawodnicy zostali nagrodzeni za swoje osi\u0105gni\u0119cia sportowe w ubieg\u0142ym sezonie.<\/p>\n<p>(p.s-b.)<\/p>\n","protected":false},"excerpt":{"rendered":"<p>&nbsp; Burmistrz Lubli\u0144ca przyzna\u0142 stypendia sportowe osobom ze szczeg\u00f3lnymi osi\u0105gni\u0119ciami sportowymi. Kwota stypendium wynosi od 300 do 500 z\u0142 na miesi\u0105c. Tegorocznymi stypendystami zostali:<\/p>\n","protected":false},"author":3,"featured_media":1979,"comment_status":"open","ping_status":"closed","sticky":false,"template":"","format":"standard","meta":{"_monsterinsights_skip_tracking":false,"_monsterinsights_sitenote_active":false,"_monsterinsights_sitenote_note":"","_monsterinsights_sitenote_category":0,"_uf_show_specific_survey":0,"_uf_disable_surveys":false,"footnotes":""},"categories":[12,25,2,13],"tags":[],"class_list":["post-2033","post","type-post","status-publish","format-standard","has-post-thumbnail","hentry","category-kultura-i-rozrywka","category-lubliniec","category-wiadomosci","category-wydarzenia"],"_links":{"self":[{"href":"https:\/\/gazetaregionalna.com\/index.php?rest_route=\/wp\/v2\/posts\/2033","targetHints":{"allow":["GET"]}}],"collection":[{"href":"https:\/\/gazetaregionalna.com\/index.php?rest_route=\/wp\/v2\/posts"}],"about":[{"href":"https:\/\/gazetaregionalna.com\/index.php?rest_route=\/wp\/v2\/types\/post"}],"author":[{"embeddable":true,"href":"https:\/\/gazetaregionalna.com\/index.php?rest_route=\/wp\/v2\/users\/3"}],"replies":[{"embeddable":true,"href":"https:\/\/gazetaregionalna.com\/index.php?rest_route=%2Fwp%2Fv2%2Fcomments&post=2033"}],"version-history":[{"count":1,"href":"https:\/\/gazetaregionalna.com\/index.php?rest_route=\/wp\/v2\/posts\/2033\/revisions"}],"predecessor-version":[{"id":2034,"href":"https:\/\/gazetaregionalna.com\/index.php?rest_route=\/wp\/v2\/posts\/2033\/revisions\/2034"}],"wp:featuredmedia":[{"embeddable":true,"href":"https:\/\/gazetaregionalna.com\/index.php?rest_route=\/wp\/v2\/media\/1979"}],"wp:attachment":[{"href":"https:\/\/gazetaregionalna.com\/index.php?rest_route=%2Fwp%2Fv2%2Fmedia&parent=2033"}],"wp:term":[{"taxonomy":"category","embeddable":true,"href":"https:\/\/gazetaregionalna.com\/index.php?rest_route=%2Fwp%2Fv2%2Fcategories&post=2033"},{"taxonomy":"post_tag","embeddable":true,"href":"https:\/\/gazetaregionalna.com\/index.php?rest_route=%2Fwp%2Fv2%2Ftags&post=2033"}],"curies":[{"name":"wp","href":"https:\/\/api.w.org\/{rel}","templated":true}]}}