{"id":2030,"date":"2019-02-16T10:38:23","date_gmt":"2019-02-16T10:38:23","guid":{"rendered":"http:\/\/gazetaregionalna.com\/?p=2030"},"modified":"2019-02-15T13:39:53","modified_gmt":"2019-02-15T13:39:53","slug":"badania-mammograficzne-w-powiecie-klobuckim","status":"publish","type":"post","link":"https:\/\/gazetaregionalna.com\/?p=2030","title":{"rendered":"Badania mammograficzne w powiecie k\u0142obuckim"},"content":{"rendered":"<p>&nbsp;<\/p>\n<p><span style=\"font-family: Times New Roman, serif;\">W zwi\u0105zku z og\u00f3lnopolskim <\/span><span style=\"font-family: Times New Roman, serif;\">Programem Profilaktyki Raka Piersi <\/span><span style=\"font-family: Times New Roman, serif;\">realizowanym przez Narodowy Fundusz Zdrowia organizowane s\u0105 <\/span><span style=\"font-family: Times New Roman, serif;\">bezp\u0142atne<\/span> <span style=\"font-family: Times New Roman, serif;\">badania mammograficzne.<\/span><\/p>\n<p><span style=\"font-family: Times New Roman, serif;\">Program dedykowany jest wszystkim kobietom w wieku od 50 do 69 lat. <\/span><span style=\"font-family: Times New Roman, serif;\">B<\/span><strong><span style=\"font-family: Times New Roman, serif;\">ezp\u0142atn<\/span><\/strong><strong><span style=\"font-family: Times New Roman, serif;\">a<\/span><\/strong><strong><span style=\"font-family: Times New Roman, serif;\"> mammografi<\/span><\/strong><strong><span style=\"font-family: Times New Roman, serif;\">a <\/span><\/strong><span style=\"font-family: Times New Roman, serif;\">(prze\u015bwietlenie piersi) <\/span><span style=\"font-family: Times New Roman, serif;\">wykonywana jest <\/span><span style=\"font-family: Times New Roman, serif;\">w technice cyfrowej w ramach Populacyjnego Programu Wczesnego Wykrywania Raka Piersi.<\/span><\/p>\n<p><span style=\"font-family: Times New Roman, serif;\">Mobilna pracownia mammograficzna b\u0119dzie oczekiwa\u0142a na Panie w miejscowo\u015bciach:<\/span><\/p>\n<p><strong><span style=\"font-family: Times New Roman, serif;\">Opat\u00f3w, 1 marca 2019 przy Ochotniczej Stra\u017cy Po\u017carnej, ul. T. Ko\u015bciuszki 39;<\/span><\/strong><\/p>\n<p><strong><span style=\"font-family: Times New Roman, serif;\">Pop\u00f3w, 3 marca 2019 przy Ochotniczej Stra\u017cy Po\u017carnej ul. Stra\u017cacka 2;<\/span><\/strong><\/p>\n<p><strong><span style=\"font-family: Times New Roman, serif;\">Przystaj\u0144, 4 marca 2019 przy Gminnym O\u015brodku Kultury, Sportu i Rekreacji<br \/>\nTargowa 5;<\/span><\/strong><\/p>\n<p><strong><span style=\"font-family: Times New Roman, serif;\">Lipie, 4 marca 2019 na placu przy Sp\u00f3\u0142dzielczym Kombinacie Rolno-Spo\u017cywczym<br \/>\nDworska 1;<\/span><\/strong><\/p>\n<p><span style=\"font-family: Times New Roman, serif;\">Rejestracja na badanie:<\/span><span style=\"font-family: Times New Roman, serif;\"> 58 666 2 444 lub <\/span><a href=\"http:\/\/www.mammo.pl\/\" target=\"_blank\" rel=\"noopener\"><span style=\"color: #000000;\"><span style=\"font-family: Times New Roman, serif;\">www.mammo.pl<\/span><\/span><\/a><\/p>\n<p><span style=\"font-family: Times New Roman, serif;\">(red.)<\/span><\/p>\n","protected":false},"excerpt":{"rendered":"<p>&nbsp; W zwi\u0105zku z og\u00f3lnopolskim Programem Profilaktyki Raka Piersi realizowanym przez Narodowy Fundusz Zdrowia organizowane s\u0105 bezp\u0142atne badania mammograficzne. Program dedykowany jest wszystkim kobietom<\/p>\n","protected":false},"author":3,"featured_media":2031,"comment_status":"open","ping_status":"closed","sticky":false,"template":"","format":"standard","meta":{"_monsterinsights_skip_tracking":false,"_monsterinsights_sitenote_active":false,"_monsterinsights_sitenote_note":"","_monsterinsights_sitenote_category":0,"_uf_show_specific_survey":0,"_uf_disable_surveys":false,"footnotes":""},"categories":[27,2,37],"tags":[],"class_list":["post-2030","post","type-post","status-publish","format-standard","has-post-thumbnail","hentry","category-klobuck-informacje","category-wiadomosci","category-zdrowie"],"_links":{"self":[{"href":"https:\/\/gazetaregionalna.com\/index.php?rest_route=\/wp\/v2\/posts\/2030","targetHints":{"allow":["GET"]}}],"collection":[{"href":"https:\/\/gazetaregionalna.com\/index.php?rest_route=\/wp\/v2\/posts"}],"about":[{"href":"https:\/\/gazetaregionalna.com\/index.php?rest_route=\/wp\/v2\/types\/post"}],"author":[{"embeddable":true,"href":"https:\/\/gazetaregionalna.com\/index.php?rest_route=\/wp\/v2\/users\/3"}],"replies":[{"embeddable":true,"href":"https:\/\/gazetaregionalna.com\/index.php?rest_route=%2Fwp%2Fv2%2Fcomments&post=2030"}],"version-history":[{"count":1,"href":"https:\/\/gazetaregionalna.com\/index.php?rest_route=\/wp\/v2\/posts\/2030\/revisions"}],"predecessor-version":[{"id":2032,"href":"https:\/\/gazetaregionalna.com\/index.php?rest_route=\/wp\/v2\/posts\/2030\/revisions\/2032"}],"wp:featuredmedia":[{"embeddable":true,"href":"https:\/\/gazetaregionalna.com\/index.php?rest_route=\/wp\/v2\/media\/2031"}],"wp:attachment":[{"href":"https:\/\/gazetaregionalna.com\/index.php?rest_route=%2Fwp%2Fv2%2Fmedia&parent=2030"}],"wp:term":[{"taxonomy":"category","embeddable":true,"href":"https:\/\/gazetaregionalna.com\/index.php?rest_route=%2Fwp%2Fv2%2Fcategories&post=2030"},{"taxonomy":"post_tag","embeddable":true,"href":"https:\/\/gazetaregionalna.com\/index.php?rest_route=%2Fwp%2Fv2%2Ftags&post=2030"}],"curies":[{"name":"wp","href":"https:\/\/api.w.org\/{rel}","templated":true}]}}