{"id":20240,"date":"2020-09-05T17:19:10","date_gmt":"2020-09-05T17:19:10","guid":{"rendered":"https:\/\/gazetaregionalna.com\/?p=20240"},"modified":"2020-09-05T17:19:12","modified_gmt":"2020-09-05T17:19:12","slug":"kamil-wojtyra","status":"publish","type":"post","link":"https:\/\/gazetaregionalna.com\/?p=20240","title":{"rendered":"Skra wygra\u0142a drugi mecz w 2 lidze. I znowu zwyci\u0119stwo zapewni\u0142 Kamil Wojtyra"},"content":{"rendered":"\n<p>Skra Cz\u0119stochowa w drugiej kolejce 2 ligi wygra\u0142a z KKS-em Kalisz 1:0. Bramk\u0119 na wag\u0119 3 punkt\u00f3w zdoby\u0142 <strong>Kamil Wojtyra<\/strong>.  <\/p>\n\n\n\n<p>Skra Cz\u0119stochowa przed tygodniem rozpocz\u0119\u0142a we Wroc\u0142awiu nowy sezon 2020\/21 w 2 lidze. Cz\u0119stochowianie po golu <strong>Kamila Wojtyry<\/strong> wygrali ze \u015al\u0105skiem II 1:0. Historia powt\u00f3rzy\u0142a si\u0119 dzisiaj na stadionie przy ul. Loreta\u0144skiej. Podopieczni trenera <strong>Marka Go\u0142\u0119biewskiego<\/strong> pokonali 1:0 KKS Kalisz, kt\u00f3ry w pierwszej kolejce te\u017c triumfowa\u0142 i przyjecha\u0142 do Cz\u0119stochowy poprawi\u0107 sw\u00f3j dorobek punktowy. Gola na wag\u0119 drugiego zwyci\u0119stwa w 2 lidze i kolejnych trzech punkt\u00f3w zdoby\u0142 <strong>Kamil Wojtyra<\/strong>, kt\u00f3ry poma\u0142u wyrasta na lidera Skry.  <\/p>\n\n\n\n<figure class=\"wp-block-image size-large\"><img decoding=\"async\" width=\"1000\" height=\"667\" data-src=\"https:\/\/gazetaregionalna.com\/wp-content\/uploads\/2020\/08\/Skra-\u0142awka-1.jpg\" alt=\"\" class=\"wp-image-19876 lazyload\" data-srcset=\"https:\/\/gazetaregionalna.com\/wp-content\/uploads\/2020\/08\/Skra-\u0142awka-1.jpg 1000w, https:\/\/gazetaregionalna.com\/wp-content\/uploads\/2020\/08\/Skra-\u0142awka-1-300x200.jpg 300w, https:\/\/gazetaregionalna.com\/wp-content\/uploads\/2020\/08\/Skra-\u0142awka-1-768x512.jpg 768w, https:\/\/gazetaregionalna.com\/wp-content\/uploads\/2020\/08\/Skra-\u0142awka-1-696x464.jpg 696w, https:\/\/gazetaregionalna.com\/wp-content\/uploads\/2020\/08\/Skra-\u0142awka-1-630x420.jpg 630w\" data-sizes=\"(max-width: 1000px) 100vw, 1000px\" src=\"data:image\/svg+xml;base64,PHN2ZyB3aWR0aD0iMSIgaGVpZ2h0PSIxIiB4bWxucz0iaHR0cDovL3d3dy53My5vcmcvMjAwMC9zdmciPjwvc3ZnPg==\" style=\"--smush-placeholder-width: 1000px; --smush-placeholder-aspect-ratio: 1000\/667;\" \/><\/figure>\n\n\n\n<p><strong>Skra Cz\u0119stochowa \u2013 KKS Kalisz 1:0\n(0:0)<\/strong><\/p>\n\n\n\n<p><strong>Bramka:<\/strong> 1:0 Wojtyra (59.)<\/p>\n\n\n\n<p><strong>Skra:<\/strong> Biega\u0144ski \u2013 Mesjasz, Holik, Brusi\u0142o, Zieli\u0144ski, Go\u0142\u0119biowski, Noiszewski, Niedba\u0142a, Noco\u0144, Olejnik, Wojtyra \u2013 Muniak, Rogala, Kos, Bieniek, Sinior, Kazimierowicz, Olszewski, Kowalczyk.  <\/p>\n\n\n\n<p>Foto: Gazeta Regionalna + Skra Cz\u0119stochowa <\/p>\n","protected":false},"excerpt":{"rendered":"<p>Skra Cz\u0119stochowa w drugiej kolejce 2 ligi wygra\u0142a z KKS-em Kalisz 1:0. Bramk\u0119 na wag\u0119 3 punkt\u00f3w zdoby\u0142 Kamil Wojtyra. Skra Cz\u0119stochowa przed tygodniem<\/p>\n","protected":false},"author":15,"featured_media":19669,"comment_status":"open","ping_status":"open","sticky":false,"template":"","format":"standard","meta":{"_monsterinsights_skip_tracking":false,"_monsterinsights_sitenote_active":false,"_monsterinsights_sitenote_note":"","_monsterinsights_sitenote_category":0,"_uf_show_specific_survey":0,"_uf_disable_surveys":false,"footnotes":""},"categories":[5,6],"tags":[495,99],"class_list":["post-20240","post","type-post","status-publish","format-standard","has-post-thumbnail","hentry","category-sport","category-pilka-nozna","tag-pilka-nozna","tag-skra-czestochowa"],"_links":{"self":[{"href":"https:\/\/gazetaregionalna.com\/index.php?rest_route=\/wp\/v2\/posts\/20240","targetHints":{"allow":["GET"]}}],"collection":[{"href":"https:\/\/gazetaregionalna.com\/index.php?rest_route=\/wp\/v2\/posts"}],"about":[{"href":"https:\/\/gazetaregionalna.com\/index.php?rest_route=\/wp\/v2\/types\/post"}],"author":[{"embeddable":true,"href":"https:\/\/gazetaregionalna.com\/index.php?rest_route=\/wp\/v2\/users\/15"}],"replies":[{"embeddable":true,"href":"https:\/\/gazetaregionalna.com\/index.php?rest_route=%2Fwp%2Fv2%2Fcomments&post=20240"}],"version-history":[{"count":2,"href":"https:\/\/gazetaregionalna.com\/index.php?rest_route=\/wp\/v2\/posts\/20240\/revisions"}],"predecessor-version":[{"id":20242,"href":"https:\/\/gazetaregionalna.com\/index.php?rest_route=\/wp\/v2\/posts\/20240\/revisions\/20242"}],"wp:featuredmedia":[{"embeddable":true,"href":"https:\/\/gazetaregionalna.com\/index.php?rest_route=\/wp\/v2\/media\/19669"}],"wp:attachment":[{"href":"https:\/\/gazetaregionalna.com\/index.php?rest_route=%2Fwp%2Fv2%2Fmedia&parent=20240"}],"wp:term":[{"taxonomy":"category","embeddable":true,"href":"https:\/\/gazetaregionalna.com\/index.php?rest_route=%2Fwp%2Fv2%2Fcategories&post=20240"},{"taxonomy":"post_tag","embeddable":true,"href":"https:\/\/gazetaregionalna.com\/index.php?rest_route=%2Fwp%2Fv2%2Ftags&post=20240"}],"curies":[{"name":"wp","href":"https:\/\/api.w.org\/{rel}","templated":true}]}}