{"id":20238,"date":"2020-09-05T15:25:31","date_gmt":"2020-09-05T15:25:31","guid":{"rendered":"https:\/\/gazetaregionalna.com\/?p=20238"},"modified":"2020-09-05T15:27:14","modified_gmt":"2020-09-05T15:27:14","slug":"eltrox-2","status":"publish","type":"post","link":"https:\/\/gazetaregionalna.com\/?p=20238","title":{"rendered":"Zaleg\u0142y mecz Eltrox W\u0142\u00f3kniarza z ROW Rybnik odb\u0119dzie si\u0119 w&#8230; Rybniku"},"content":{"rendered":"\n<p>Nie w Cz\u0119stochowie, a w Rybniku\nodb\u0119dzie si\u0119 mecz Eltrox W\u0142\u00f3kniarza z ROW-em Rybnik, kt\u00f3ry w\npi\u0105tek w Cz\u0119stochowie zosta\u0142 odwo\u0142any z powodu z\u0142ego stanu toru.\n<\/p>\n\n\n\n<p>\u017bu\u017clowcy Eltrox W\u0142\u00f3kniarz w pi\u0105tek\nmieli podejmowa\u0107 na torze przy ul. Olszty\u0144skiej ROW Rybnik.\nSpotkanie zosta\u0142o jednak odwo\u0142ane z powodu z\u0142ego stanu toru.\nWszystko przez awari\u0119, kt\u00f3ra w bli\u017cej nieokre\u015blonym czasie\nwyst\u0105pi\u0142a na stadionie W\u0142\u00f3kniarza. \n<\/p>\n\n\n\n<p>Klub na swojej oficjalnej stronie\nwystosowa\u0142 apel do kibic\u00f3w, w kt\u00f3rym mo\u017cemy przeczyta\u0107: \u201eW\nostatnich dniach informowali\u015bmy Was o powa\u017cnej awarii wodoci\u0105g\u00f3w,\njaka mia\u0142a miejsce na naszym stadionie (poni\u017cej za\u0142\u0105czamy pismo\nod Przedsi\u0119biorstwa Wodoci\u0105g\u00f3w i Kanalizacji w Cz\u0119stochowie,\nkt\u00f3re potwierdza wyst\u0105pienie opisanej awarii). Mimo usuni\u0119cia\nsamego wycieku ilo\u015b\u0107 wody, jaka znajduje si\u0119 pod naszym obiektem,\nma ogromny wp\u0142yw na stan nawierzchni toru. Co wi\u0119cej, ostatnie\ndeszczowe dni nie u\u0142atwi\u0142y nam zadania w pozbyciu si\u0119 wody.<\/p>\n\n\n\n<p>W du\u017cej mierze przez te okoliczno\u015bci, mimo naszych usilnych\nstara\u0144, wczorajszy mecz pomi\u0119dzy Eltrox W\u0142\u00f3kniarzem Cz\u0119stochowa\na PGG ROW Rybnik nie doszed\u0142 do skutku. Dzi\u015b od samego rana\nrozpocz\u0119\u0142y si\u0119 prace zwi\u0105zane z odwodnieniem obiektu \u2013 dowodzi\nnimi firma z bran\u017cy wodoci\u0105gowej. Na teren stadionu ponownie\nwezwane zosta\u0142o pogotowie wodoci\u0105gowe.<\/p>\n\n\n\n<p>W zwi\u0105zku z zaistnia\u0142\u0105 sytuacj\u0105 i pracami na naszym obiekcie i\ntorze oraz zapowiadanymi opadami deszczu zwr\u00f3cili\u015bmy si\u0119 do\nEkstraligi \u017bu\u017clowej, oraz zaprzyja\u017anionego klubu z Rybnika o\nmo\u017cliwo\u015b\u0107 rozegrania zaleg\u0142ego meczu na torze w Rybniku. Mamy\nnadziej\u0119, \u017ce w tym czasie firmy pracuj\u0105ce na obiekcie pomog\u0105\nosuszy\u0107 teren, co umo\u017cliwi nam przygotowanie toru\u201d.<\/p>\n\n\n\n<p>PGE Ekstraliga wyrazi\u0142a zgod\u0119 na zamian\u0119 toru i mecz odb\u0119dzie si\u0119 9 wrze\u015bnia o godz. 18 w Rybniku.  <\/p>\n\n\n\n<p>Foto: Gazeta Regionalna <\/p>\n","protected":false},"excerpt":{"rendered":"<p>Nie w Cz\u0119stochowie, a w Rybniku odb\u0119dzie si\u0119 mecz Eltrox W\u0142\u00f3kniarza z ROW-em Rybnik, kt\u00f3ry w pi\u0105tek w Cz\u0119stochowie zosta\u0142 odwo\u0142any z powodu z\u0142ego<\/p>\n","protected":false},"author":15,"featured_media":17032,"comment_status":"open","ping_status":"open","sticky":false,"template":"","format":"standard","meta":{"_monsterinsights_skip_tracking":false,"_monsterinsights_sitenote_active":false,"_monsterinsights_sitenote_note":"","_monsterinsights_sitenote_category":0,"_uf_show_specific_survey":0,"_uf_disable_surveys":false,"footnotes":""},"categories":[5,3,2,7],"tags":[313],"class_list":["post-20238","post","type-post","status-publish","format-standard","has-post-thumbnail","hentry","category-sport","category-czestochowa-informacje","category-wiadomosci","category-zuzel","tag-eltrox-wlokniarz-czestochowa"],"_links":{"self":[{"href":"https:\/\/gazetaregionalna.com\/index.php?rest_route=\/wp\/v2\/posts\/20238","targetHints":{"allow":["GET"]}}],"collection":[{"href":"https:\/\/gazetaregionalna.com\/index.php?rest_route=\/wp\/v2\/posts"}],"about":[{"href":"https:\/\/gazetaregionalna.com\/index.php?rest_route=\/wp\/v2\/types\/post"}],"author":[{"embeddable":true,"href":"https:\/\/gazetaregionalna.com\/index.php?rest_route=\/wp\/v2\/users\/15"}],"replies":[{"embeddable":true,"href":"https:\/\/gazetaregionalna.com\/index.php?rest_route=%2Fwp%2Fv2%2Fcomments&post=20238"}],"version-history":[{"count":1,"href":"https:\/\/gazetaregionalna.com\/index.php?rest_route=\/wp\/v2\/posts\/20238\/revisions"}],"predecessor-version":[{"id":20239,"href":"https:\/\/gazetaregionalna.com\/index.php?rest_route=\/wp\/v2\/posts\/20238\/revisions\/20239"}],"wp:featuredmedia":[{"embeddable":true,"href":"https:\/\/gazetaregionalna.com\/index.php?rest_route=\/wp\/v2\/media\/17032"}],"wp:attachment":[{"href":"https:\/\/gazetaregionalna.com\/index.php?rest_route=%2Fwp%2Fv2%2Fmedia&parent=20238"}],"wp:term":[{"taxonomy":"category","embeddable":true,"href":"https:\/\/gazetaregionalna.com\/index.php?rest_route=%2Fwp%2Fv2%2Fcategories&post=20238"},{"taxonomy":"post_tag","embeddable":true,"href":"https:\/\/gazetaregionalna.com\/index.php?rest_route=%2Fwp%2Fv2%2Ftags&post=20238"}],"curies":[{"name":"wp","href":"https:\/\/api.w.org\/{rel}","templated":true}]}}