{"id":20146,"date":"2020-09-03T14:12:00","date_gmt":"2020-09-03T14:12:00","guid":{"rendered":"https:\/\/gazetaregionalna.com\/?p=20146"},"modified":"2020-09-03T14:12:02","modified_gmt":"2020-09-03T14:12:02","slug":"skra-czestochowa-27","status":"publish","type":"post","link":"https:\/\/gazetaregionalna.com\/?p=20146","title":{"rendered":"Skra Cz\u0119stochowa zagra w sobot\u0119 o drugie zwyci\u0119stwo w 2 lidze"},"content":{"rendered":"\n<p>Skra Cz\u0119stochowa w sobot\u0119 o godz. 17\nw drugiej kolejce 2 ligi podejmuje KKS Kalisz. Cz\u0119stochowscy\npi\u0142karze licz\u0105 na drugie zwyci\u0119stwo w sezonie. \n<\/p>\n\n\n\n<p>Skra Cz\u0119stochowa w minion\u0105 niedziel\u0119\nrozpocz\u0119\u0142a nowy sezon 2020\/21 w 2 lidze. Podopieczni trenera Marka\nGo\u0142\u0119bioewskiego po golu Kamila Wojtyry wygrali we Wroc\u0142awiu ze\n\u015al\u0105skiem II 1:). Teraz pi\u0142karze Skry chc\u0105 i\u015b\u0107 za ciosem i\nwygra\u0107 z KKS-em Kalisz. \n<\/p>\n\n\n\n<p>Rywale w I kolejce te\u017c wygrali sw\u00f3j\nmecz. Dlatego w sobot\u0119 kibice mog\u0105 by\u0107 \u015bwiadkami zaci\u0119tego\nspotkania. Zar\u00f3wno pi\u0142karze Skry i KKS-u b\u0119d\u0105 walczy\u0107 o drugie\nzwyci\u0119stwo w obecnym sezonie.<\/p>\n\n\n\n<p>Pocz\u0105tek sobotniego meczu na stadionie przy ul. Loretanskiej zaplanowano na godz. 17. <\/p>\n\n\n\n<p>Ceny bilet\u00f3w na mecze Skry w sezonie 2020\/21 to 12 z\u0142 normalny i 6 z\u0142 ulgowy.  <\/p>\n\n\n\n<figure class=\"wp-block-image size-large\"><img decoding=\"async\" width=\"1000\" height=\"667\" data-src=\"https:\/\/gazetaregionalna.com\/wp-content\/uploads\/2020\/08\/Skra-Slask.jpg\" alt=\"\" class=\"wp-image-19875 lazyload\" data-srcset=\"https:\/\/gazetaregionalna.com\/wp-content\/uploads\/2020\/08\/Skra-Slask.jpg 1000w, https:\/\/gazetaregionalna.com\/wp-content\/uploads\/2020\/08\/Skra-Slask-300x200.jpg 300w, https:\/\/gazetaregionalna.com\/wp-content\/uploads\/2020\/08\/Skra-Slask-768x512.jpg 768w, https:\/\/gazetaregionalna.com\/wp-content\/uploads\/2020\/08\/Skra-Slask-696x464.jpg 696w, https:\/\/gazetaregionalna.com\/wp-content\/uploads\/2020\/08\/Skra-Slask-630x420.jpg 630w\" data-sizes=\"(max-width: 1000px) 100vw, 1000px\" src=\"data:image\/svg+xml;base64,PHN2ZyB3aWR0aD0iMSIgaGVpZ2h0PSIxIiB4bWxucz0iaHR0cDovL3d3dy53My5vcmcvMjAwMC9zdmciPjwvc3ZnPg==\" style=\"--smush-placeholder-width: 1000px; --smush-placeholder-aspect-ratio: 1000\/667;\" \/><\/figure>\n\n\n\n<p>Foto: Skra Cz\u0119stochowa <\/p>\n","protected":false},"excerpt":{"rendered":"<p>Skra Cz\u0119stochowa w sobot\u0119 o godz. 17 w drugiej kolejce 2 ligi podejmuje KKS Kalisz. Cz\u0119stochowscy pi\u0142karze licz\u0105 na drugie zwyci\u0119stwo w sezonie. Skra<\/p>\n","protected":false},"author":15,"featured_media":19876,"comment_status":"open","ping_status":"open","sticky":false,"template":"","format":"standard","meta":{"_monsterinsights_skip_tracking":false,"_monsterinsights_sitenote_active":false,"_monsterinsights_sitenote_note":"","_monsterinsights_sitenote_category":0,"_uf_show_specific_survey":0,"_uf_disable_surveys":false,"footnotes":""},"categories":[5,6],"tags":[],"class_list":["post-20146","post","type-post","status-publish","format-standard","has-post-thumbnail","hentry","category-sport","category-pilka-nozna"],"_links":{"self":[{"href":"https:\/\/gazetaregionalna.com\/index.php?rest_route=\/wp\/v2\/posts\/20146","targetHints":{"allow":["GET"]}}],"collection":[{"href":"https:\/\/gazetaregionalna.com\/index.php?rest_route=\/wp\/v2\/posts"}],"about":[{"href":"https:\/\/gazetaregionalna.com\/index.php?rest_route=\/wp\/v2\/types\/post"}],"author":[{"embeddable":true,"href":"https:\/\/gazetaregionalna.com\/index.php?rest_route=\/wp\/v2\/users\/15"}],"replies":[{"embeddable":true,"href":"https:\/\/gazetaregionalna.com\/index.php?rest_route=%2Fwp%2Fv2%2Fcomments&post=20146"}],"version-history":[{"count":2,"href":"https:\/\/gazetaregionalna.com\/index.php?rest_route=\/wp\/v2\/posts\/20146\/revisions"}],"predecessor-version":[{"id":20148,"href":"https:\/\/gazetaregionalna.com\/index.php?rest_route=\/wp\/v2\/posts\/20146\/revisions\/20148"}],"wp:featuredmedia":[{"embeddable":true,"href":"https:\/\/gazetaregionalna.com\/index.php?rest_route=\/wp\/v2\/media\/19876"}],"wp:attachment":[{"href":"https:\/\/gazetaregionalna.com\/index.php?rest_route=%2Fwp%2Fv2%2Fmedia&parent=20146"}],"wp:term":[{"taxonomy":"category","embeddable":true,"href":"https:\/\/gazetaregionalna.com\/index.php?rest_route=%2Fwp%2Fv2%2Fcategories&post=20146"},{"taxonomy":"post_tag","embeddable":true,"href":"https:\/\/gazetaregionalna.com\/index.php?rest_route=%2Fwp%2Fv2%2Ftags&post=20146"}],"curies":[{"name":"wp","href":"https:\/\/api.w.org\/{rel}","templated":true}]}}