{"id":20134,"date":"2020-09-03T13:45:48","date_gmt":"2020-09-03T13:45:48","guid":{"rendered":"https:\/\/gazetaregionalna.com\/?p=20134"},"modified":"2020-09-03T14:03:49","modified_gmt":"2020-09-03T14:03:49","slug":"sps","status":"publish","type":"post","link":"https:\/\/gazetaregionalna.com\/?p=20134","title":{"rendered":"SPS Politechnika Cz\u0119stochowa rozpocz\u0119\u0142a treningi w grupach m\u0142odzie\u017cowych. Prowadzi te\u017c otwarte treningi dla m\u0142odych siatkarek"},"content":{"rendered":"\n<p>Trenerzy grup m\u0142odzie\u017cowych SPS-u Politechniki Cz\u0119stochowa rozpocz\u0119li przygotowania siatkarek do nowego sezonu. Klub og\u0142asza te\u017c nab\u00f3r do grup m\u0142odzie\u017cowych z rocznik\u00f3w 2007, 2008 i 2009.  <\/p>\n\n\n\n<p>Na pierwszych zaj\u0119ciach siatkarki SPS Politechniki spotka\u0142y si\u0119 w \u015brod\u0119 w Hali Polonia. &#8211; Cieszymy si\u0119, \u017ce wreszcie mogli\u015bmy rozpocz\u0105\u0107 zaj\u0119cia w hali \u2013 m\u00f3wi trener SPS-u Politechniki Cz\u0119stochowa <strong>Pawe\u0142 Bielak<\/strong>. &#8211; Mamy nadziej\u0119, ze ten sezon b\u0119dzie normalny i uda nam si\u0119 go rozegra\u0107 w ca\u0142o\u015bci. Nasz klub prowadzi nab\u00f3r siatkarek do dru\u017cyn m\u0142odzie\u017cowych. Wszystkie treningi maj\u0105 charakter otwarty. Zapraszamy na nie serdecznie dziewcz\u0119ta chc\u0105ce uprawia\u0107 t\u0105 pi\u0119kn\u0105 dyscyplin\u0119 sportu. Szczeg\u00f3\u0142owych informacji udzielaj\u0105 trenerzy SPS-u. U trener\u00f3w mo\u017cna si\u0119 r\u00f3wnie\u017c zapisywa\u0107 do klubu.  <\/p>\n\n\n\n<p>Foto: Archiwum Paw\u0142a Bielaka <\/p>\n","protected":false},"excerpt":{"rendered":"<p>Trenerzy grup m\u0142odzie\u017cowych SPS-u Politechniki Cz\u0119stochowa rozpocz\u0119li przygotowania siatkarek do nowego sezonu. Klub og\u0142asza te\u017c nab\u00f3r do grup m\u0142odzie\u017cowych z rocznik\u00f3w 2007, 2008 i<\/p>\n","protected":false},"author":15,"featured_media":20135,"comment_status":"open","ping_status":"open","sticky":false,"template":"","format":"standard","meta":{"_monsterinsights_skip_tracking":false,"_monsterinsights_sitenote_active":false,"_monsterinsights_sitenote_note":"","_monsterinsights_sitenote_category":0,"_uf_show_specific_survey":0,"_uf_disable_surveys":false,"footnotes":""},"categories":[5,8],"tags":[],"class_list":["post-20134","post","type-post","status-publish","format-standard","has-post-thumbnail","hentry","category-sport","category-siatkowka"],"_links":{"self":[{"href":"https:\/\/gazetaregionalna.com\/index.php?rest_route=\/wp\/v2\/posts\/20134","targetHints":{"allow":["GET"]}}],"collection":[{"href":"https:\/\/gazetaregionalna.com\/index.php?rest_route=\/wp\/v2\/posts"}],"about":[{"href":"https:\/\/gazetaregionalna.com\/index.php?rest_route=\/wp\/v2\/types\/post"}],"author":[{"embeddable":true,"href":"https:\/\/gazetaregionalna.com\/index.php?rest_route=\/wp\/v2\/users\/15"}],"replies":[{"embeddable":true,"href":"https:\/\/gazetaregionalna.com\/index.php?rest_route=%2Fwp%2Fv2%2Fcomments&post=20134"}],"version-history":[{"count":3,"href":"https:\/\/gazetaregionalna.com\/index.php?rest_route=\/wp\/v2\/posts\/20134\/revisions"}],"predecessor-version":[{"id":20145,"href":"https:\/\/gazetaregionalna.com\/index.php?rest_route=\/wp\/v2\/posts\/20134\/revisions\/20145"}],"wp:featuredmedia":[{"embeddable":true,"href":"https:\/\/gazetaregionalna.com\/index.php?rest_route=\/wp\/v2\/media\/20135"}],"wp:attachment":[{"href":"https:\/\/gazetaregionalna.com\/index.php?rest_route=%2Fwp%2Fv2%2Fmedia&parent=20134"}],"wp:term":[{"taxonomy":"category","embeddable":true,"href":"https:\/\/gazetaregionalna.com\/index.php?rest_route=%2Fwp%2Fv2%2Fcategories&post=20134"},{"taxonomy":"post_tag","embeddable":true,"href":"https:\/\/gazetaregionalna.com\/index.php?rest_route=%2Fwp%2Fv2%2Ftags&post=20134"}],"curies":[{"name":"wp","href":"https:\/\/api.w.org\/{rel}","templated":true}]}}