{"id":20096,"date":"2020-09-04T02:45:00","date_gmt":"2020-09-04T02:45:00","guid":{"rendered":"https:\/\/gazetaregionalna.com\/?p=20096"},"modified":"2020-09-04T06:06:46","modified_gmt":"2020-09-04T06:06:46","slug":"czy-cma-bukszpanowa-zagraza-takze-innym-roslinom","status":"publish","type":"post","link":"https:\/\/gazetaregionalna.com\/?p=20096","title":{"rendered":"Czy \u0107ma bukszpanowa zagra\u017ca tak\u017ce innym ro\u015blinom?"},"content":{"rendered":"\n<p> Wrzesie\u0144 to czas aktywno\u015bci motyli \u0107my bukszpanowej, czas niepokoju o nasze ogrody. Czy g\u0105sienica tak\u017ce u nas zniszczy bukszpan, a mo\u017ce i inne ro\u015bliny? Czy stosowa\u0107 popularne \u015brodki chemiczne i czy nie os\u0142abi\u0105 jeszcze bardziej zniszczonych bukszpan\u00f3w? Czy b\u0119d\u0119 w stanie uratowa\u0107 wieloletnie bukszpany? Co robi\u0107? Pyta\u0144 rodzi si\u0119 wiele\u2026<\/p>\n\n\n\n<figure class=\"wp-block-image size-large\"><img decoding=\"async\" width=\"846\" height=\"597\" data-src=\"https:\/\/gazetaregionalna.com\/wp-content\/uploads\/2020\/09\/zalacznik1.3.jpg\" alt=\"\" class=\"wp-image-20102 lazyload\" data-srcset=\"https:\/\/gazetaregionalna.com\/wp-content\/uploads\/2020\/09\/zalacznik1.3.jpg 846w, https:\/\/gazetaregionalna.com\/wp-content\/uploads\/2020\/09\/zalacznik1.3-300x212.jpg 300w, https:\/\/gazetaregionalna.com\/wp-content\/uploads\/2020\/09\/zalacznik1.3-768x542.jpg 768w, https:\/\/gazetaregionalna.com\/wp-content\/uploads\/2020\/09\/zalacznik1.3-100x70.jpg 100w, https:\/\/gazetaregionalna.com\/wp-content\/uploads\/2020\/09\/zalacznik1.3-696x491.jpg 696w, https:\/\/gazetaregionalna.com\/wp-content\/uploads\/2020\/09\/zalacznik1.3-595x420.jpg 595w\" data-sizes=\"(max-width: 846px) 100vw, 846px\" src=\"data:image\/svg+xml;base64,PHN2ZyB3aWR0aD0iMSIgaGVpZ2h0PSIxIiB4bWxucz0iaHR0cDovL3d3dy53My5vcmcvMjAwMC9zdmciPjwvc3ZnPg==\" style=\"--smush-placeholder-width: 846px; --smush-placeholder-aspect-ratio: 846\/597;\" \/><\/figure>\n\n\n\n<p>Odpowiadaj\u0105c na powy\u017csze pytania, nale\u017cy przede wszystkim przygotowa\u0107 si\u0119 na to, \u017ce \u0107ma bukszpanowa (\u0142ac. Cydalima perspectalis) b\u0119dzie ju\u017c z nami zawsze. W Polsce nie ma naturalnego wroga i musimy walczy\u0107 z ni\u0105 sami. Jedynym jej wrogiem jest szersze\u0144 azjatycki.<\/p>\n\n\n\n<p><br><strong> POZNAJMY \u0106M\u0118 BUKSZPANOW\u0104 I JEJ G\u0104SIENICE.<\/strong><br> Motyl. Rozpi\u0119to\u015b\u0107 skrzyde\u0142 osobnik\u00f3w doros\u0142ych dochodzi do 46 mm. Wyst\u0119puj\u0105 dwie formy barwne. Najcz\u0119\u015bciej spotykane s\u0105 osobniki o bia\u0142ych skrzyd\u0142ach z ciemn\u0105 obw\u00f3dk\u0105 wok\u00f3\u0142. Drug\u0105 form\u0119 stanowi\u0105 motyle jasnobr\u0105zowe z fioletowym po\u0142yskiem. U obu form na skrzydle wyst\u0119puje jasna plamka w kszta\u0142cie p\u00f3\u0142ksi\u0119\u017cyca. Motyle od\u017cywiaj\u0105 si\u0119 nektarem i sokami ro\u015blin, nie stanowi\u0105 bezpo\u015bredniego zagro\u017cenia dla bukszpan\u00f3w. Prawdziwym zagro\u017ceniem s\u0105 g\u0105sienice \u0107my bukszpanowej. Zastosowanie pu\u0142apek lepowych pozwoli na monitoring liczebno\u015bci motyli, a tak\u017ce na ograniczenie ich ilo\u015bci. Motyle lataj\u0105 od kwietnia lub maja do wrze\u015bnia, a nawet do pa\u017adziernika, je\u017celi pogoda jest sprzyjaj\u0105ca.<br> G\u0105sienice. M\u0142ode g\u0105sienice s\u0105 koloru zielonego z br\u0105zowymi pod\u0142u\u017cnymi liniami, s\u0142abo ow\u0142osione. Dorastaj\u0105 do 35 &#8211; 44 mm d\u0142ugo\u015bci. G\u0142owa jest czarna. Pocz\u0105tkowo larwy \u017ceruj\u0105 wyjadaj\u0105c delikatniejsze fragmenty z g\u00f3rnej strony li\u015bci, powoduj\u0105c ich zasychanie. Starsze g\u0105sienice zjadaj\u0105 ca\u0142e li\u015bcie i p\u0119dy oga\u0142acaj\u0105c ro\u015blin\u0119 z li\u015bci i powoduj\u0105c jej zamieranie.<\/p>\n\n\n\n<figure class=\"wp-block-image size-large\"><img decoding=\"async\" width=\"1024\" height=\"768\" data-src=\"https:\/\/gazetaregionalna.com\/wp-content\/uploads\/2020\/09\/zalacznik1.6-1024x768.jpg\" alt=\"\" class=\"wp-image-20103 lazyload\" data-srcset=\"https:\/\/gazetaregionalna.com\/wp-content\/uploads\/2020\/09\/zalacznik1.6-1024x768.jpg 1024w, https:\/\/gazetaregionalna.com\/wp-content\/uploads\/2020\/09\/zalacznik1.6-300x225.jpg 300w, https:\/\/gazetaregionalna.com\/wp-content\/uploads\/2020\/09\/zalacznik1.6-768x576.jpg 768w, https:\/\/gazetaregionalna.com\/wp-content\/uploads\/2020\/09\/zalacznik1.6-1536x1152.jpg 1536w, https:\/\/gazetaregionalna.com\/wp-content\/uploads\/2020\/09\/zalacznik1.6-80x60.jpg 80w, https:\/\/gazetaregionalna.com\/wp-content\/uploads\/2020\/09\/zalacznik1.6-265x198.jpg 265w, https:\/\/gazetaregionalna.com\/wp-content\/uploads\/2020\/09\/zalacznik1.6-696x522.jpg 696w, https:\/\/gazetaregionalna.com\/wp-content\/uploads\/2020\/09\/zalacznik1.6-1068x801.jpg 1068w, https:\/\/gazetaregionalna.com\/wp-content\/uploads\/2020\/09\/zalacznik1.6-560x420.jpg 560w, https:\/\/gazetaregionalna.com\/wp-content\/uploads\/2020\/09\/zalacznik1.6.jpg 1200w\" data-sizes=\"(max-width: 1024px) 100vw, 1024px\" src=\"data:image\/svg+xml;base64,PHN2ZyB3aWR0aD0iMSIgaGVpZ2h0PSIxIiB4bWxucz0iaHR0cDovL3d3dy53My5vcmcvMjAwMC9zdmciPjwvc3ZnPg==\" style=\"--smush-placeholder-width: 1024px; --smush-placeholder-aspect-ratio: 1024\/768;\" \/><\/figure>\n\n\n\n<p><br> <strong>ZWALCZANIE G\u0104SIENICY \u0106MY BUKSZPANOWEJ.<\/strong><br> Do walki stosuje si\u0119 insektycyd biologiczny, bezpo\u015brednio przeznaczony do profesjonalnego, selektywnego zwalczania g\u0105sienicy \u0107my bukszpanowej, zawieraj\u0105cy Bacillus thuringiensis var. Aizawai szczep ABTS-1857. \u017bo\u0142\u0105dkowe dzia\u0142anie \u015brodka na g\u0105sienice wymaga starannego pokrycia suchego bukszpanu ciecz\u0105 u\u017cytkow\u0105 preparatu, wiedz\u0105 o tym do\u015bwiadczeni ogrodnicy i sprzedawcy. Oprysku nie nale\u017cy wykonywa\u0107 w razie spodziewanego opadu deszczu i do 6 godzin po opadach. Po spo\u017cyciu \u015brodka g\u0105sienice przestaj\u0105 \u017cerowa\u0107, a nast\u0119pnie gin\u0105 w ci\u0105gu 1-3 dni. Powt\u00f3rne zastosowanie preparatu jest mo\u017cliwe po up\u0142ywie 6 dni.<br> WA\u017bNE!<br> Nie nale\u017cy usuwa\u0107 krzew\u00f3w bez uprzedniego sprawdzenia, czy dany krzew faktycznie obumar\u0142. W tym celu nale\u017cy zadrapa\u0107 ga\u0142\u0105zk\u0119. Je\u015bli w miejscu zadrapania uka\u017ce si\u0119 kolor br\u0105zowy, a ga\u0142\u0105zka jest sucha, bukszpan nale\u017cy usun\u0105\u0107. Natomiast je\u015bli zobaczymy odcie\u0144 zielony, ga\u0142\u0105zka jest wilgotna, mamy bardzo du\u017c\u0105 szans\u0119 na odbudow\u0119 os\u0142abionego bukszpanu, ale musimy mu pom\u00f3c. Pomog\u0105 nam w tym dwa preparaty TOPBUXUS HEALTH-MIX oraz TOPBUXUS GROW.<\/p>\n\n\n\n<figure class=\"wp-block-image size-large\"><img decoding=\"async\" width=\"1024\" height=\"739\" data-src=\"https:\/\/gazetaregionalna.com\/wp-content\/uploads\/2020\/09\/Topbuxus-Health-mix-1024x739.jpg\" alt=\"\" class=\"wp-image-20104 lazyload\" data-srcset=\"https:\/\/gazetaregionalna.com\/wp-content\/uploads\/2020\/09\/Topbuxus-Health-mix-1024x739.jpg 1024w, https:\/\/gazetaregionalna.com\/wp-content\/uploads\/2020\/09\/Topbuxus-Health-mix-300x216.jpg 300w, https:\/\/gazetaregionalna.com\/wp-content\/uploads\/2020\/09\/Topbuxus-Health-mix-768x554.jpg 768w, https:\/\/gazetaregionalna.com\/wp-content\/uploads\/2020\/09\/Topbuxus-Health-mix-1536x1108.jpg 1536w, https:\/\/gazetaregionalna.com\/wp-content\/uploads\/2020\/09\/Topbuxus-Health-mix-324x235.jpg 324w, https:\/\/gazetaregionalna.com\/wp-content\/uploads\/2020\/09\/Topbuxus-Health-mix-696x502.jpg 696w, https:\/\/gazetaregionalna.com\/wp-content\/uploads\/2020\/09\/Topbuxus-Health-mix-1068x770.jpg 1068w, https:\/\/gazetaregionalna.com\/wp-content\/uploads\/2020\/09\/Topbuxus-Health-mix-582x420.jpg 582w, https:\/\/gazetaregionalna.com\/wp-content\/uploads\/2020\/09\/Topbuxus-Health-mix.jpg 1200w\" data-sizes=\"(max-width: 1024px) 100vw, 1024px\" src=\"data:image\/svg+xml;base64,PHN2ZyB3aWR0aD0iMSIgaGVpZ2h0PSIxIiB4bWxucz0iaHR0cDovL3d3dy53My5vcmcvMjAwMC9zdmciPjwvc3ZnPg==\" style=\"--smush-placeholder-width: 1024px; --smush-placeholder-aspect-ratio: 1024\/739;\" \/><\/figure>\n\n\n\n<p><br><strong> REGENERACJA BUKSZPANU.<\/strong><br> Wa\u017cnym dzia\u0142aniem w odbudowie bukszpanu jest jego wzmocnienie i od\u017cywienie. Chc\u0105c, by szybko powr\u00f3ci\u0142a \u015bwietno\u015b\u0107 bukszpanu, niezb\u0119dne jest zastosowanie dw\u00f3ch specjalistycznych preparat\u00f3w do jego piel\u0119gnacji:<br> Preparat, kt\u00f3ry nale\u017cy zastosowa\u0107 po zwalczeniu g\u0105sienic oraz zawsze po ci\u0119ciu bukszpanu, to \u015brodek dolistny, TOPBUXUS-HEALTH-MIX wyr\u00f3\u017cniony w Polsce dwoma Z\u0142otymi Medalami w 2018r i 2017r. Mi\u0119dzynarodowych Targ\u00f3w w Poznaniu. Topbuxus Health-mix jest preparatem w 100% na naturalnej bazie z zawarto\u015bci\u0105 pierwiastk\u00f3w \u015bladowych. Wzmacnia kom\u00f3rki ro\u015blin, poprawia spr\u0119\u017cysto\u015b\u0107. Zatrzymuje i likwiduje choroby grzybowe. Stosowany regularnie uodparnia na Cylindrocladium buxicola, najgro\u017aniejsz\u0105 chorob\u0119 bukszpanu. Dzi\u0119ki niemu li\u015bcie staj\u0105 si\u0119 zielone i b\u0142yszcz\u0105ce. Bezpieczny dla ludzi, zwierz\u0105t i owad\u00f3w. Wydajny, \u0142atwy w u\u017cyciu, do upraw w gruncie i donicy.<\/p>\n\n\n\n<p><br>W piel\u0119gnacji bukszpanu niezb\u0119dne jest tak\u017ce nawo\u017cenie krzew\u00f3w preparatem TOPBUXUS GROW. Topbuxus Grow jest idealnym, w pe\u0142ni zbilansowanym, podstawowym nawozem dla bukszpan\u00f3w. Krzewy te s\u0105 specyficznymi ro\u015blinami, potrzebuj\u0105 w odpowiednim czasie, odpowiedniej ilo\u015bci siarki, magnezu, wapnia i potasu. Prawid\u0142owy stosunek NPK jest niezb\u0119dny. Topbuxus Grow jest nawozem, kt\u00f3ry spe\u0142nia te wszystkie wymagania. Szybko wch\u0142aniany przez ro\u015bliny sprawia, \u017ce efekty s\u0105 widoczne w kr\u00f3tkim czasie. Odpowiednio od\u017cywia bukszpany podczas wzrostu, utrzymuje krzew zdrowy i bez \u017c\u00f3\u0142tych li\u015bci. Topbuxus Grow jest r\u00f3wnie\u017c bezpieczny dla ludzi, zwierz\u0105t i owad\u00f3w. Wydajny, \u0142atwy w u\u017cyciu, do upraw w gruncie i donicy. Preparaty te stosowane s\u0105 z powodzeniem przez profesjonalist\u00f3w i mi\u0142o\u015bnik\u00f3w ogrod\u00f3w na ca\u0142ym \u015bwiecie nawet w przypadku bardzo zniszczonych bukszpan\u00f3w.<\/p>\n\n\n\n<p><br><strong> PO CZYM POZNA\u0106 \u017bEROWANIE?<br><\/strong> Przygl\u0105daj\u0105c si\u0119 krzewom mo\u017cna dostrzec: obgryzione brzegi li\u015bci, zjedzone ca\u0142e li\u015bcie, pozostawione grudy odchod\u00f3w, spustoszenie na krzewach, krzewy pokryte prz\u0119dz\u0105, zamieranie, usychanie w konsekwencji uszkodzenia ro\u015bliny.<\/p>\n\n\n\n<p>Czy stosowa\u0107 chemiczne \u015brodki ochrony ro\u015blin? Z ca\u0142\u0105 pewno\u015bci\u0105 wyb\u00f3r najpierw powinien pa\u015b\u0107 na naturalne preparaty, by\u015bmy nie przyczyniali si\u0119 do kolejnych strat i gorszego stanu s\u0142abych ro\u015blin. Ka\u017cdy mo\u017ce dokona\u0107 analizy \u201eza i przeciw\u201d, nale\u017cy wzi\u0105\u0107 pod uwag\u0119 wp\u0142yw na po\u017cyteczne organizmy, zaleganie w glebie i wodzie, biokumulacj\u0119 w \u0142a\u0144cuchu pokarmowym i wiele innych.<br> Czy g\u0105sienice mog\u0105 zniszczy\u0107 inne ro\u015bliny ni\u017c bukszpan? Tak, g\u0105sienice te, w przypadku braku krzew\u00f3w bukszpanu atakuj\u0105 ro\u015bliny wrzosowate: azalie, rododendrony, nie gardz\u0105 trzmielin\u0105, laurowi\u015bni\u0105, irg\u0105, a nawet ostrokrzewem. Musimy by\u0107 czujni i kontrolowa\u0107 stan ro\u015blin.<\/p>\n\n\n\n<p><br> Wi\u0119cej informacji na temat piel\u0119gnacji bukszpanu na: www.centrumzieleni.eu<br> Wszystkie wymienione preparaty do piel\u0119gnacji bukszpanu dost\u0119pne s\u0105 w sklepie ogrodniczo \u2013 zoologicznym \u201eOSKAR\u201d przy Alei Pokoju 4 w Cz\u0119stochowie.<\/p>\n\n\n\n<figure class=\"wp-block-image size-large\"><img decoding=\"async\" width=\"724\" height=\"1024\" data-src=\"https:\/\/gazetaregionalna.com\/wp-content\/uploads\/2020\/09\/zalacznik1.9-724x1024.jpg\" alt=\"\" class=\"wp-image-20105 lazyload\" data-srcset=\"https:\/\/gazetaregionalna.com\/wp-content\/uploads\/2020\/09\/zalacznik1.9-724x1024.jpg 724w, https:\/\/gazetaregionalna.com\/wp-content\/uploads\/2020\/09\/zalacznik1.9-212x300.jpg 212w, https:\/\/gazetaregionalna.com\/wp-content\/uploads\/2020\/09\/zalacznik1.9-768x1087.jpg 768w, https:\/\/gazetaregionalna.com\/wp-content\/uploads\/2020\/09\/zalacznik1.9-696x985.jpg 696w, https:\/\/gazetaregionalna.com\/wp-content\/uploads\/2020\/09\/zalacznik1.9-297x420.jpg 297w, https:\/\/gazetaregionalna.com\/wp-content\/uploads\/2020\/09\/zalacznik1.9.jpg 793w\" data-sizes=\"(max-width: 724px) 100vw, 724px\" src=\"data:image\/svg+xml;base64,PHN2ZyB3aWR0aD0iMSIgaGVpZ2h0PSIxIiB4bWxucz0iaHR0cDovL3d3dy53My5vcmcvMjAwMC9zdmciPjwvc3ZnPg==\" style=\"--smush-placeholder-width: 724px; --smush-placeholder-aspect-ratio: 724\/1024;\" \/><\/figure>\n\n\n\n<p><strong>\u015aRODK\u00d3W OCHRONY RO\u015aLIN NALE\u017bY U\u017bYWA\u0106 Z ZACHOWANIEM SZCZEG\u00d3LNYCH \u015aRODK\u00d3W OSTRO\u017bNO\u015aCI. PRZED U\u017bYCIEM NALE\u017bY PRZECZYTA\u0106 ETYKIET\u0118.<br><\/strong> (Fot. pixabay)<\/p>\n","protected":false},"excerpt":{"rendered":"<p>Wrzesie\u0144 to czas aktywno\u015bci motyli \u0107my bukszpanowej, czas niepokoju o nasze ogrody. Czy g\u0105sienica tak\u017ce u nas zniszczy bukszpan, a mo\u017ce i inne ro\u015bliny?<\/p>\n","protected":false},"author":7,"featured_media":20107,"comment_status":"open","ping_status":"open","sticky":false,"template":"","format":"standard","meta":{"_monsterinsights_skip_tracking":false,"_monsterinsights_sitenote_active":false,"_monsterinsights_sitenote_note":"","_monsterinsights_sitenote_category":0,"_uf_show_specific_survey":0,"_uf_disable_surveys":false,"footnotes":""},"categories":[94,17,34,2],"tags":[],"class_list":["post-20096","post","type-post","status-publish","format-standard","has-post-thumbnail","hentry","category-polecane","category-dom","category-ogrod","category-wiadomosci"],"_links":{"self":[{"href":"https:\/\/gazetaregionalna.com\/index.php?rest_route=\/wp\/v2\/posts\/20096","targetHints":{"allow":["GET"]}}],"collection":[{"href":"https:\/\/gazetaregionalna.com\/index.php?rest_route=\/wp\/v2\/posts"}],"about":[{"href":"https:\/\/gazetaregionalna.com\/index.php?rest_route=\/wp\/v2\/types\/post"}],"author":[{"embeddable":true,"href":"https:\/\/gazetaregionalna.com\/index.php?rest_route=\/wp\/v2\/users\/7"}],"replies":[{"embeddable":true,"href":"https:\/\/gazetaregionalna.com\/index.php?rest_route=%2Fwp%2Fv2%2Fcomments&post=20096"}],"version-history":[{"count":3,"href":"https:\/\/gazetaregionalna.com\/index.php?rest_route=\/wp\/v2\/posts\/20096\/revisions"}],"predecessor-version":[{"id":20106,"href":"https:\/\/gazetaregionalna.com\/index.php?rest_route=\/wp\/v2\/posts\/20096\/revisions\/20106"}],"wp:featuredmedia":[{"embeddable":true,"href":"https:\/\/gazetaregionalna.com\/index.php?rest_route=\/wp\/v2\/media\/20107"}],"wp:attachment":[{"href":"https:\/\/gazetaregionalna.com\/index.php?rest_route=%2Fwp%2Fv2%2Fmedia&parent=20096"}],"wp:term":[{"taxonomy":"category","embeddable":true,"href":"https:\/\/gazetaregionalna.com\/index.php?rest_route=%2Fwp%2Fv2%2Fcategories&post=20096"},{"taxonomy":"post_tag","embeddable":true,"href":"https:\/\/gazetaregionalna.com\/index.php?rest_route=%2Fwp%2Fv2%2Ftags&post=20096"}],"curies":[{"name":"wp","href":"https:\/\/api.w.org\/{rel}","templated":true}]}}