{"id":19692,"date":"2020-08-28T11:49:32","date_gmt":"2020-08-28T11:49:32","guid":{"rendered":"https:\/\/gazetaregionalna.com\/?p=19692"},"modified":"2020-08-28T11:49:34","modified_gmt":"2020-08-28T11:49:34","slug":"pleciona-elegancja","status":"publish","type":"post","link":"https:\/\/gazetaregionalna.com\/?p=19692","title":{"rendered":"Akademia Kreatywno\u015bci: &#8222;Pleciona elegancja&#8221;"},"content":{"rendered":"\n<h2 class=\"wp-block-heading\">Miejski Dom Kultury Lubliniec i Pasjartownia zapraszaj\u0105 do wzi\u0119cia udzia\u0142u\nw Akademi Kreatywno\u015bci \u201ePleciona elegancja\u201d.<\/h2>\n\n\n\n<p>W czwartek <strong>10 wrze\u015bnia 2020 roku<\/strong> od godziny <strong>17:30 do 19:30<\/strong> w <strong>Galerii pod Glinianym Anio\u0142em<\/strong> odb\u0119d\u0105 si\u0119 warsztaty z Plecionej elegancji, kt\u00f3re poprowadzi Pani <strong>Sabina Gajda<\/strong>. Na zaj\u0119ciach uczestnicy b\u0119d\u0105 zag\u0142\u0119bia\u0107 tajniki samodzielnego przygotowania oryginalnej bi\u017cuterii ze sznurk\u00f3w. \u00a0<\/p>\n\n\n\n<p>W dzisiejszych czasach taka bi\u017cuteria\nzyskuje na popularno\u015bci, bo jest tania i wbrew pozorom taki dodatek doskonale\npasuje nie&nbsp;tylko do sportowego looku, ale czasem r\u00f3wnie\u017c nadaje lekko\u015bci\nnieco powa\u017cniejszym kreacjom. Najbardziej jednak cieszy sam fakt, \u017ce jest\nwykonana w\u0142asnor\u0119cznie.<\/p>\n\n\n\n<p>Koszt materia\u0142\u00f3w, a tym samym udzia\u0142u w zaj\u0119ciach to <strong>43 z\u0142<\/strong>. Bardzo wa\u017cne, na warsztaty obowi\u0105zuj\u0105 zapisy w Galerii pod Glinianym Anio\u0142em &#8211; osobi\u015bcie lub telefonicznie (34 351 06 88), codziennie od godziny 15:00 do 21:00.<\/p>\n\n\n\n<p>Warsztaty odb\u0119d\u0105 si\u0119 przy zachowaniu\nzasad bezpiecze\u0144stwa, spowodowanych koronawirusem.<\/p>\n","protected":false},"excerpt":{"rendered":"<p>Miejski Dom Kultury Lubliniec i Pasjartownia zapraszaj\u0105 do wzi\u0119cia udzia\u0142u w Akademi Kreatywno\u015bci \u201ePleciona elegancja\u201d. W czwartek 10 wrze\u015bnia 2020 roku od godziny 17:30<\/p>\n","protected":false},"author":12,"featured_media":0,"comment_status":"open","ping_status":"open","sticky":false,"template":"","format":"standard","meta":{"_monsterinsights_skip_tracking":false,"_monsterinsights_sitenote_active":false,"_monsterinsights_sitenote_note":"","_monsterinsights_sitenote_category":0,"_uf_show_specific_survey":0,"_uf_disable_surveys":false,"footnotes":""},"categories":[12,25,94,2],"tags":[],"class_list":["post-19692","post","type-post","status-publish","format-standard","hentry","category-kultura-i-rozrywka","category-lubliniec","category-polecane","category-wiadomosci"],"_links":{"self":[{"href":"https:\/\/gazetaregionalna.com\/index.php?rest_route=\/wp\/v2\/posts\/19692","targetHints":{"allow":["GET"]}}],"collection":[{"href":"https:\/\/gazetaregionalna.com\/index.php?rest_route=\/wp\/v2\/posts"}],"about":[{"href":"https:\/\/gazetaregionalna.com\/index.php?rest_route=\/wp\/v2\/types\/post"}],"author":[{"embeddable":true,"href":"https:\/\/gazetaregionalna.com\/index.php?rest_route=\/wp\/v2\/users\/12"}],"replies":[{"embeddable":true,"href":"https:\/\/gazetaregionalna.com\/index.php?rest_route=%2Fwp%2Fv2%2Fcomments&post=19692"}],"version-history":[{"count":2,"href":"https:\/\/gazetaregionalna.com\/index.php?rest_route=\/wp\/v2\/posts\/19692\/revisions"}],"predecessor-version":[{"id":19694,"href":"https:\/\/gazetaregionalna.com\/index.php?rest_route=\/wp\/v2\/posts\/19692\/revisions\/19694"}],"wp:attachment":[{"href":"https:\/\/gazetaregionalna.com\/index.php?rest_route=%2Fwp%2Fv2%2Fmedia&parent=19692"}],"wp:term":[{"taxonomy":"category","embeddable":true,"href":"https:\/\/gazetaregionalna.com\/index.php?rest_route=%2Fwp%2Fv2%2Fcategories&post=19692"},{"taxonomy":"post_tag","embeddable":true,"href":"https:\/\/gazetaregionalna.com\/index.php?rest_route=%2Fwp%2Fv2%2Ftags&post=19692"}],"curies":[{"name":"wp","href":"https:\/\/api.w.org\/{rel}","templated":true}]}}