{"id":19686,"date":"2020-08-28T11:07:30","date_gmt":"2020-08-28T11:07:30","guid":{"rendered":"https:\/\/gazetaregionalna.com\/?p=19686"},"modified":"2020-08-28T11:07:33","modified_gmt":"2020-08-28T11:07:33","slug":"dwaj-zloci-medalisci","status":"publish","type":"post","link":"https:\/\/gazetaregionalna.com\/?p=19686","title":{"rendered":"Dwaj z\u0142oci medali\u015bci z Mys\u0142owa \u2013 gmina Kozieg\u0142owy"},"content":{"rendered":"\n<h2 class=\"wp-block-heading\">Dwaj z\u0142oci medali\u015bci z Mys\u0142owa, gmina Kozieg\u0142owy, <strong>Jakub Musialik<\/strong>\u00a0(MGLKS B\u0142\u0119kitni Mexller Kozieg\u0142owy) i\u00a0<strong>Kamil Gradek<\/strong>\u00a0(CCC Team). Swoje z\u0142ote medale zdobyli na <strong>Mistrzostwach Polski<\/strong> w kolarstwie szosowym w je\u017adzie indywidualnej na czas. <\/h2>\n\n\n\n<p>Pod\nwzgl\u0119dem osi\u0105gni\u0119\u0107 sportowych dla Mys\u0142owskich kola\u017cy ten rok jest bardzo wyj\u0105tkowy.\nJednego roku, a tym bardziej podczas jednej imprezy rangi mistrzowskiej, tylu\nsukces\u00f3w jeszcze w\u015br\u00f3d sportowc\u00f3w z gminy Kozieg\u0142owy nie by\u0142o. Kamil Gradek po\nraz pierwszy triumfowa\u0142 w B\u0142\u0119kitnych Mexeller Kozieg\u0142owy w kategorii Elita, a\nJakub Musialik w kategorii Junior.<\/p>\n\n\n\n<p>Mistrzostwa Polski w je\u017adzie indywidualnej na czas odby\u0142y si\u0119\nw Busku-Zdr\u00f3j, gdzie w <strong>kategorii Junior<\/strong>\nwygra\u0142 <strong>Jakub Musialik<\/strong>, wyprzedzaj\u0105c\no a\u017c 19 sekund drugiego zawodnika na mecie, <strong>Mateusza Gajdulewicza<\/strong> z Warszawskiego Klubu Kolarskiego. 22 km\ntras\u0119 pokona\u0142 w czasie 26 min. 36 sek. ze \u015bredni\u0105 pr\u0119dko\u015bci\u0105 49,24 km\/h. Natomiast\n<strong>Kamil Gradek<\/strong> w <strong>kategorii<\/strong> <strong>Elita<\/strong> wygra\u0142 z\nprzewag\u0105 28 sekund, wyprzedzaj\u0105c drugiego w klasyfikacji <strong>Macieja Bodnara<\/strong>. Na dystansie 44 km Kamil mia\u0142 \u015bredni\u0105 pr\u0119dko\u015b\u0107\n53,76 km\/h.<\/p>\n\n\n\n<p>Kamil Gradek swoj\u0105 przygod\u0119 z kolarstwem zacz\u0105\u0142 w 2004 roku. Sukcesy zacz\u0105\u0142 od najwy\u017cszego stopnia podium w je\u017adzie indywidualnej na czas w 2012 roku, w kategorii U23. Natomiast w 2015 r. w Elicie wywalczy\u0142 w tej konkurencji srebrny medal, powtarzaj\u0105c ten sam sukces w 2019 r. <\/p>\n\n\n\n<figure class=\"wp-block-image size-large\"><img decoding=\"async\" width=\"1024\" height=\"684\" data-src=\"https:\/\/gazetaregionalna.com\/wp-content\/uploads\/2020\/08\/kamil_gradek_podium-1024x684.jpg\" alt=\"\" class=\"wp-image-19690 lazyload\" data-srcset=\"https:\/\/gazetaregionalna.com\/wp-content\/uploads\/2020\/08\/kamil_gradek_podium-1024x684.jpg 1024w, https:\/\/gazetaregionalna.com\/wp-content\/uploads\/2020\/08\/kamil_gradek_podium-300x200.jpg 300w, https:\/\/gazetaregionalna.com\/wp-content\/uploads\/2020\/08\/kamil_gradek_podium-768x513.jpg 768w, https:\/\/gazetaregionalna.com\/wp-content\/uploads\/2020\/08\/kamil_gradek_podium-1536x1026.jpg 1536w, https:\/\/gazetaregionalna.com\/wp-content\/uploads\/2020\/08\/kamil_gradek_podium-696x465.jpg 696w, https:\/\/gazetaregionalna.com\/wp-content\/uploads\/2020\/08\/kamil_gradek_podium-1068x713.jpg 1068w, https:\/\/gazetaregionalna.com\/wp-content\/uploads\/2020\/08\/kamil_gradek_podium-629x420.jpg 629w, https:\/\/gazetaregionalna.com\/wp-content\/uploads\/2020\/08\/kamil_gradek_podium.jpg 1200w\" data-sizes=\"(max-width: 1024px) 100vw, 1024px\" src=\"data:image\/svg+xml;base64,PHN2ZyB3aWR0aD0iMSIgaGVpZ2h0PSIxIiB4bWxucz0iaHR0cDovL3d3dy53My5vcmcvMjAwMC9zdmciPjwvc3ZnPg==\" style=\"--smush-placeholder-width: 1024px; --smush-placeholder-aspect-ratio: 1024\/684;\" \/><figcaption>Fot: UGiM Kozieg\u0142owy<\/figcaption><\/figure>\n\n\n\n<p>\u2013 \u201e<em>Jestem bardzo\nszcz\u0119\u015bliwy, \u017ce moja d\u0142ugoletnia praca nie posz\u0142a na marne. Zosta\u0142em Mistrzem\nPolski w je\u017adzie indywidualnej na czas. Ciesz\u0119 si\u0119, \u017ce moja dyspozycja i dobra\nforma, kt\u00f3r\u0105 skrupulatnie trenowa\u0142em, pozwoli\u0142a mi osi\u0105gn\u0105\u0107 zamierzony cel. W\nubieg\u0142ym roku przegra\u0142em walk\u0119 o koszulk\u0119 Mistrza Polski w TT z Maciejem\nBodnarem, zdobywaj\u0105c wtedy srebrny medal. To da\u0142o mi jeszcze wi\u0119ksza motywacje\ndo dzia\u0142ania i solidnego trenowania\u201d.<\/em> \u2013 m\u00f3wi Kamil Gradek, kt\u00f3ry w\ntegorocznym Tour de Pologne wywalczy\u0142 na 3 etapie koszulk\u0119 najlepszego\n\u201eg\u00f3rala&#8221;. <\/p>\n\n\n\n<p>W 2014 r. wygra\u0142 Tour of China I i Memoria\u0142 Andrzeja\nTrochanowskiego, a w 2017 r. &nbsp;zwyci\u0119\u017cy\u0142 w\nRonde van Midden Nederland. Dodatkowo mo\u017ce pochwali\u0107 si\u0119 udzia\u0142em w presti\u017cowych\nwy\u015bcigach tj. Paris Roubaix, Tour des Flandres czy Grand Tour-Giro d&#8217;Italia.<\/p>\n\n\n\n<p>Kamil\nw m\u0142odszych kategoriach wiekowych startowa\u0142 w prze\u0142ajach i MTB. Ze wzgl\u0119du na\nwysoki wzrost mia\u0142 jednak problemy na trasie przy nawrotach. Jego wzrost jest &nbsp;jednak atutem w je\u017adzie na czas na szosie, bo\nmo\u017cna za\u0142o\u017cy\u0107 d\u0142u\u017csze korby do roweru, co daje pewn\u0105 przewag\u0119. Oczywi\u015bcie\ntrzeba by\u0107 tak\u017ce znakomicie przygotowanym wytrzyma\u0142o\u015bciowo. Kiedy Kamil\nprzeszed\u0142 do kategorii U23 nie mia\u0142 ju\u017c w B\u0142\u0119kitnych partner\u00f3w do treningu w\ntej kategorii. Przeszed\u0142 wi\u0119c do Kartusii Kartuzy, sk\u0105d trafi\u0142 do grupy CCC.\nObecnie startuje w grupie CCC Team, a po ostatnim sukcesie jego notowania na\nkolarskim rynku mocno wzros\u0142y.<\/p>\n\n\n\n<p>Co\ndo Jakuba Musialika to pierwszy medal w je\u017adzie indywidualnej na czas . M\u0142ody\nkola\u017c ma ju\u017c jednak na swym koncie z\u0142oty i br\u0105zowy medal w Mistrzostwach Polski\nw kolarstwie prze\u0142ajowym w kategorii Junior i zwyci\u0119stwa w zawodach Pucharu\nPolski w tej dyscyplinie.<\/p>\n\n\n\n<figure class=\"wp-block-image size-large\"><img decoding=\"async\" width=\"480\" height=\"640\" data-src=\"https:\/\/gazetaregionalna.com\/wp-content\/uploads\/2020\/08\/jakub_musialik.jpg\" alt=\"\" class=\"wp-image-19689 lazyload\" data-srcset=\"https:\/\/gazetaregionalna.com\/wp-content\/uploads\/2020\/08\/jakub_musialik.jpg 480w, https:\/\/gazetaregionalna.com\/wp-content\/uploads\/2020\/08\/jakub_musialik-225x300.jpg 225w, https:\/\/gazetaregionalna.com\/wp-content\/uploads\/2020\/08\/jakub_musialik-315x420.jpg 315w\" data-sizes=\"(max-width: 480px) 100vw, 480px\" src=\"data:image\/svg+xml;base64,PHN2ZyB3aWR0aD0iMSIgaGVpZ2h0PSIxIiB4bWxucz0iaHR0cDovL3d3dy53My5vcmcvMjAwMC9zdmciPjwvc3ZnPg==\" style=\"--smush-placeholder-width: 480px; --smush-placeholder-aspect-ratio: 480\/640;\" \/><figcaption>Fot: UGiM Kozieg\u0142owy<\/figcaption><\/figure>\n\n\n\n<p>\u2013\n\u201e<em>O sukcesie w \u201eczas\u00f3wce&#8221; decyduje\nprzede wszystkim wydolno\u015b\u0107 organizmu i trening. Jakub by\u0142 przygotowany\nperfekcyjnie. Pierwszym akcentem przygotowa\u0144 do szosy by\u0142y prze\u0142aje, bo w nich\nwyrabia si\u0119 rytmiczn\u0105 jazd\u0119. Prze\u0142aj jest podobny w pewnym sensie do\n\u201eczas\u00f3wki&#8221;, bo i tu i tu liczy si\u0119 jak najszybsze pokonanie dystansu\u201d<\/em>\n\u2013 m\u00f3wi Andrzej Chmurzewski, trener B\u0142\u0119kitnych Mexller Kozieg\u0142owy.<\/p>\n\n\n\n<p>&nbsp;\u2013 \u201e<em>Trzy dni przed jazd\u0105 indywidualn\u0105 na czas\nby\u0142em ju\u017c pewny, \u017ce Jakub zdob\u0119dzie medal. Nie wiedzia\u0142em tylko jaki. Czasem\nprzegrywa si\u0119 zaledwie jedn\u0105 tysi\u0119czn\u0105 sekundy, jak by\u0142o to kiedy\u015b w przypadku\nKamila Gradka. To bardzo boli. Jakub pojecha\u0142 teraz na europejskim poziomie\nosi\u0105gaj\u0105c znakomity rezultat. Z przyjemno\u015bci\u0105 patrzy\u0142o si\u0119 na jego jazd\u0119. Nie\npotrzebowa\u0142 w trakcie wy\u015bcigu \u017cadnych wskaz\u00f3wek\u201d- dodaje.<\/em><\/p>\n\n\n\n<p>Niestety\nJakub nie wystartuje w Mistrzostwach Europy w je\u017adzie indywidualnej na czas,\nponiewa\u017c termin zg\u0142aszania kadrowicz\u00f3w up\u0142yn\u0105\u0142 przed rozegraniem Mistrzostw\nPolski. Pretensje do trenera kadry Polski o to, \u017ce nie zg\u0142osi\u0142 Jakuba nawet w\nszerokim sk\u0142adzie na t\u0119 imprez\u0119, ma trener Chmurzewski. <\/p>\n\n\n\n<p>Na szcz\u0119\u015bcie tytu\u0142 mistrza Polski otwiera jednak zawodnikowi\nz Mys\u0142owa drog\u0119 do startu w mistrzostwach \u015bwiata, kt\u00f3re maj\u0105 si\u0119 odby\u0107 na\npocz\u0105tku pa\u017adziernika we W\u0142oszech. Kamil tak\u017ce b\u0119dzie reprezentowa\u0142 Polsk\u0119 w\nmistrzostwach \u015bwiata.<\/p>\n\n\n\n<p>Jakub\nMusialik trafi\u0142 do B\u0142\u0119kitnych razem z trzema kolegami ze szko\u0142y w Mys\u0142owie. Trener\nChmurzewski wspomina, \u017ce podczas pierwszego sprawdzianu na kilometr mia\u0142\nnajs\u0142abszy czas z nich wszystkich. Jednak ci\u0119\u017cka praca i wytrwa\u0142o\u015b\u0107 przyczyni\u0142y\nsi\u0119 do osi\u0105gania sukces\u00f3w. <\/p>\n\n\n\n<p>Jak podkre\u015bla trener, zawodnik ma \u017celazne zdrowie. Trzy lata\ntemu podczas Wy\u015bcigu Szlakami Jury Jakub dozna\u0142 powa\u017cnej kontuzji, z\u0142ama\u0142\n\u015br\u00f3dstopie z przemieszczeniem. Skutkiem by\u0142o praktycznie p\u00f3\u0142toraroczne wyeliminowanie\nz trening\u00f3w. <\/p>\n\n\n\n<p>Jakub uczy si\u0119 od ubieg\u0142ego roku w Szkole Mistrzostwa\nSportowego w \u015awidnicy. Od pa\u017adziernika przechodzi do kategorii wiekowej U23. W\nprzysz\u0142ym roku czeka go matura. By\u0107 mo\u017ce z SMS-u trafi najpierw do amatorskiej\ngrupy CCC Development Team, by podnosi\u0107 swoje umiej\u0119tno\u015bci.<\/p>\n\n\n\n<p>\u2013\n\u201e<em>W najbli\u017cszym sezonie podstaw\u0105 u Jakuba\nb\u0119dzie jeszcze prze\u0142aj i przygotowanie do szosy. Tak czyni wielu zawodowc\u00f3w.\nWielu Belg\u00f3w czy Francuz\u00f3w wygrywaj\u0105cych klasyki wywodzi si\u0119 na przyk\u0142ad z\nprze\u0142aj\u00f3w, kt\u00f3re wyrabiaj\u0105 technik\u0119 i wytrzyma\u0142o\u015b\u0107 szybko\u015bciow\u0105\u201d<\/em> \u2013 wyja\u015bnia\nAndrzej Chmurzewski.<\/p>\n\n\n\n<p>\u2013\nGratuluj\u0119 obu zawodnikom sukcesu. To dla gminy Kozieg\u0142owy wielkie osi\u0105gni\u0119cie.\nJeste\u015bmy dumni z tak utalentowanych sportowc\u00f3w. Gratuluj\u0119 r\u00f3wnie\u017c trenerowi\nAndrzejowi Chmurzewskiemu. Gmina i Miasto Kozieg\u0142owy od lat wspiera klub\nB\u0142\u0119kitni Kozieg\u0142owy i organizacj\u0119 wy\u015bcig\u00f3w na naszym terenie. Byli\u015bmy mi\u0119dzy\ninnymi dwa razy gospodarzem Mistrzostw Polski w kolarstwie prze\u0142ajowym \u2013\npodkre\u015bla&nbsp;<strong>Jacek \u015al\u0119czka<\/strong>, Burmistrz\nGminy i Miasta Kozieg\u0142owy.<\/p>\n\n\n\n<p>W\nnajbli\u017cszy weekend rozegrane zostan\u0105 w Wysowej Mistrzostwa Polski ze startu\nwsp\u00f3lnego, a nast\u0119pnie fina\u0142 Pucharu Polski i Mistrzostwa Polski w je\u017adzie\ndw\u00f3jkami.<\/p>\n","protected":false},"excerpt":{"rendered":"<p>Dwaj z\u0142oci medali\u015bci z Mys\u0142owa, gmina Kozieg\u0142owy, Jakub Musialik\u00a0(MGLKS B\u0142\u0119kitni Mexller Kozieg\u0142owy) i\u00a0Kamil Gradek\u00a0(CCC Team). Swoje z\u0142ote medale zdobyli na Mistrzostwach Polski w kolarstwie<\/p>\n","protected":false},"author":12,"featured_media":19688,"comment_status":"open","ping_status":"open","sticky":false,"template":"","format":"standard","meta":{"_monsterinsights_skip_tracking":false,"_monsterinsights_sitenote_active":false,"_monsterinsights_sitenote_note":"","_monsterinsights_sitenote_category":0,"_uf_show_specific_survey":0,"_uf_disable_surveys":false,"footnotes":""},"categories":[94,26,11,4,5,2],"tags":[],"class_list":["post-19686","post","type-post","status-publish","format-standard","has-post-thumbnail","hentry","category-polecane","category-myszkow","category-pozostale","category-region","category-sport","category-wiadomosci"],"_links":{"self":[{"href":"https:\/\/gazetaregionalna.com\/index.php?rest_route=\/wp\/v2\/posts\/19686","targetHints":{"allow":["GET"]}}],"collection":[{"href":"https:\/\/gazetaregionalna.com\/index.php?rest_route=\/wp\/v2\/posts"}],"about":[{"href":"https:\/\/gazetaregionalna.com\/index.php?rest_route=\/wp\/v2\/types\/post"}],"author":[{"embeddable":true,"href":"https:\/\/gazetaregionalna.com\/index.php?rest_route=\/wp\/v2\/users\/12"}],"replies":[{"embeddable":true,"href":"https:\/\/gazetaregionalna.com\/index.php?rest_route=%2Fwp%2Fv2%2Fcomments&post=19686"}],"version-history":[{"count":2,"href":"https:\/\/gazetaregionalna.com\/index.php?rest_route=\/wp\/v2\/posts\/19686\/revisions"}],"predecessor-version":[{"id":19691,"href":"https:\/\/gazetaregionalna.com\/index.php?rest_route=\/wp\/v2\/posts\/19686\/revisions\/19691"}],"wp:featuredmedia":[{"embeddable":true,"href":"https:\/\/gazetaregionalna.com\/index.php?rest_route=\/wp\/v2\/media\/19688"}],"wp:attachment":[{"href":"https:\/\/gazetaregionalna.com\/index.php?rest_route=%2Fwp%2Fv2%2Fmedia&parent=19686"}],"wp:term":[{"taxonomy":"category","embeddable":true,"href":"https:\/\/gazetaregionalna.com\/index.php?rest_route=%2Fwp%2Fv2%2Fcategories&post=19686"},{"taxonomy":"post_tag","embeddable":true,"href":"https:\/\/gazetaregionalna.com\/index.php?rest_route=%2Fwp%2Fv2%2Ftags&post=19686"}],"curies":[{"name":"wp","href":"https:\/\/api.w.org\/{rel}","templated":true}]}}