{"id":19641,"date":"2020-08-27T11:54:03","date_gmt":"2020-08-27T11:54:03","guid":{"rendered":"https:\/\/gazetaregionalna.com\/?p=19641"},"modified":"2020-08-27T11:54:07","modified_gmt":"2020-08-27T11:54:07","slug":"kaskadowy-pomiar-predkosci","status":"publish","type":"post","link":"https:\/\/gazetaregionalna.com\/?p=19641","title":{"rendered":"Jutro \u201eKaskadowy pomiar pr\u0119dko\u015bci\u201d"},"content":{"rendered":"\n<h2 class=\"wp-block-heading\">Jutro na terenie ca\u0142ego kraju odb\u0119dzie si\u0119 akcja <strong>\u201eKaskadowy pomiar pr\u0119dko\u015bci\u201d<\/strong>. <\/h2>\n\n\n\n<p>Policjanci z ruchu drogowego jutrzejszego dnia przeprowadz\u0105 dzia\u0142ania\nkontrolno \u2013 prewencyjne. Akcja ma zapewni\u0107 bezpiecze\u0144stwo na drogach, dlatego\nmundurowi b\u0119d\u0105 nie tylko reagowa\u0107 na wykroczenia w postaci przekroczenia\npr\u0119dko\u015bci, ale r\u00f3wnie\u017c na\ninne naruszenia przepis\u00f3w ruchu drogowego.<\/p>\n\n\n\n<p>Dzia\u0142ania b\u0119d\u0105 mia\u0142y przede wszystkim charakter prewencyjny, czyli\nu\u015bwiadamianie kierowc\u00f3w, \u017ce nadmierna pr\u0119dko\u015b\u0107 jest &nbsp;g\u0142\u00f3wn\u0105 przyczyn\u0105 tragicznych w skutkach\nwypadk\u00f3w drogowych.<\/p>\n\n\n\n<p>Kontrol\u0105 zostan\u0105 obj\u0119te przede wszystkim miejsca gdzie najcz\u0119\u015bciej dochodzi\ndo wypadk\u00f3w drogowych, kt\u00f3rych przyczyn\u0105 jest nadmierna pr\u0119dko\u015b\u0107. <\/p>\n\n\n\n<p>Policjanci b\u0119d\u0105 robi\u0107 pomiar pr\u0119dko\u015bci kaskadowo tzn., \u017ce w co najmniej dw\u00f3ch\npunktach na jednym odcinku drogi b\u0119d\u0105 w tym samym czasie robione pomiary\npr\u0119dko\u015bci.<\/p>\n\n\n\n<p>Kierowcy,\nkt\u00f3rzy nie b\u0119d\u0105 stosowali si\u0119 do ogranicze\u0144 pr\u0119dko\u015bci, szczeg\u00f3lnie ci, kt\u00f3rzy\nb\u0119d\u0105 t\u0119 pr\u0119dko\u015b\u0107 znacz\u0105co przekraczali, musz\u0105 liczy\u0107 si\u0119 z konsekwencjami,\nmandat, punkty karne, utrata prawa jazdy.<\/p>\n\n\n\n<p>St\u0105d te\u017c\napel policji, aby przestrzega\u0107 dozwolonych limit\u00f3w pr\u0119dko\u015bci, a tak\u017ce o\ndostosowanie jej do panuj\u0105cych warunk\u00f3w atmosferycznych tj. chod\u017amy deszcz.<\/p>\n\n\n\n<p>Szczeg\u00f3lnymi\nmiejscami wzmo\u017conej czujno\u015bci s\u0105 m.in.: przej\u015bcia dla pieszych, przejazd\u00f3w dla\nrowerzyst\u00f3w oraz rejon skrzy\u017cowania. <\/p>\n","protected":false},"excerpt":{"rendered":"<p>Jutro na terenie ca\u0142ego kraju odb\u0119dzie si\u0119 akcja \u201eKaskadowy pomiar pr\u0119dko\u015bci\u201d. Policjanci z ruchu drogowego jutrzejszego dnia przeprowadz\u0105 dzia\u0142ania kontrolno \u2013 prewencyjne. Akcja ma<\/p>\n","protected":false},"author":12,"featured_media":19643,"comment_status":"open","ping_status":"open","sticky":false,"template":"","format":"standard","meta":{"_monsterinsights_skip_tracking":false,"_monsterinsights_sitenote_active":false,"_monsterinsights_sitenote_note":"","_monsterinsights_sitenote_category":0,"_uf_show_specific_survey":0,"_uf_disable_surveys":false,"footnotes":""},"categories":[44,3,27,25,18,26,94,28,4,2],"tags":[],"class_list":["post-19641","post","type-post","status-publish","format-standard","has-post-thumbnail","hentry","category-bezpieczenstwo","category-czestochowa-informacje","category-klobuck-informacje","category-lubliniec","category-motoryzacja","category-myszkow","category-polecane","category-radomsko","category-region","category-wiadomosci"],"_links":{"self":[{"href":"https:\/\/gazetaregionalna.com\/index.php?rest_route=\/wp\/v2\/posts\/19641","targetHints":{"allow":["GET"]}}],"collection":[{"href":"https:\/\/gazetaregionalna.com\/index.php?rest_route=\/wp\/v2\/posts"}],"about":[{"href":"https:\/\/gazetaregionalna.com\/index.php?rest_route=\/wp\/v2\/types\/post"}],"author":[{"embeddable":true,"href":"https:\/\/gazetaregionalna.com\/index.php?rest_route=\/wp\/v2\/users\/12"}],"replies":[{"embeddable":true,"href":"https:\/\/gazetaregionalna.com\/index.php?rest_route=%2Fwp%2Fv2%2Fcomments&post=19641"}],"version-history":[{"count":1,"href":"https:\/\/gazetaregionalna.com\/index.php?rest_route=\/wp\/v2\/posts\/19641\/revisions"}],"predecessor-version":[{"id":19642,"href":"https:\/\/gazetaregionalna.com\/index.php?rest_route=\/wp\/v2\/posts\/19641\/revisions\/19642"}],"wp:featuredmedia":[{"embeddable":true,"href":"https:\/\/gazetaregionalna.com\/index.php?rest_route=\/wp\/v2\/media\/19643"}],"wp:attachment":[{"href":"https:\/\/gazetaregionalna.com\/index.php?rest_route=%2Fwp%2Fv2%2Fmedia&parent=19641"}],"wp:term":[{"taxonomy":"category","embeddable":true,"href":"https:\/\/gazetaregionalna.com\/index.php?rest_route=%2Fwp%2Fv2%2Fcategories&post=19641"},{"taxonomy":"post_tag","embeddable":true,"href":"https:\/\/gazetaregionalna.com\/index.php?rest_route=%2Fwp%2Fv2%2Ftags&post=19641"}],"curies":[{"name":"wp","href":"https:\/\/api.w.org\/{rel}","templated":true}]}}