{"id":19613,"date":"2020-08-26T16:21:28","date_gmt":"2020-08-26T16:21:28","guid":{"rendered":"https:\/\/gazetaregionalna.com\/?p=19613"},"modified":"2020-08-26T16:21:29","modified_gmt":"2020-08-26T16:21:29","slug":"28-dni-czestochowy","status":"publish","type":"post","link":"https:\/\/gazetaregionalna.com\/?p=19613","title":{"rendered":"28 Dni Cz\u0119stochowy"},"content":{"rendered":"\n<h2 class=\"wp-block-heading\">To ju\u017c 28 Dni Cz\u0119stochowy. W tym roku zaczn\u0105 si\u0119 uroczystym koncertem w Filharmonii Cz\u0119stochowskiej im. Bronis\u0142awa Hubermana. Organizatorem obchod\u00f3w s\u0105 Urz\u0105d Miasta Cz\u0119stochowy, Filharmonia Cz\u0119stochowska im. Bronis\u0142awa Hubermana.<\/h2>\n\n\n\n<p>Zgodnie z przyj\u0119t\u0105 tradycj\u0105, zostanie dzisiaj odprawiona msza \u015bw. Na b\u0142oniach jasnog\u00f3rskich w intencji miasta i jego mieszka\u0144c\u00f3w. \u00a0Z uwagi na stan epidemii miasto zrezygnowa\u0142o z organizacji masowych imprez kulturalnych i rekreacyjnych. Obchody b\u0119d\u0105 znacznie skromniejsze ni\u017c w poprzednich latach.<\/p>\n\n\n\n<p>Plan obchod\u00f3w 28 Dni Cz\u0119stochowy:<\/p>\n\n\n\n<ul class=\"wp-block-list\"><li><strong>26 sierpnia\n2020 r.: <\/strong><ul><li>O godzinie\n19:00 Msza \u015awi\u0119ta w intencji miasta Cz\u0119stochowy i jego\nmieszka\u0144c\u00f3w&nbsp;celebrowana przez Ks. Abpa Wac\u0142awa Depo, Metropolit\u0119\nCz\u0119stochowskiego, Klasztor OO. Paulin\u00f3w Jasna G\u00f3ra (b\u0142onia jasnog\u00f3rskie).<br>\nOrganizator: Kuria Metropolitalna w Cz\u0119stochowie<br>\n<em>Uczestnik\u00f3w mszy obowi\u0105zuje przestrzeganie przepis\u00f3w sanitarnych zwi\u0105zanych\nz epidemi\u0105 korona wirusa.<\/em><\/li><\/ul><\/li><li><strong>29 sierpnia\n2020 r.:<\/strong><ul><li>O godzinie\n18:00 Koncert z okazji 28 Dni Cz\u0119stochowy w Filharmonii Cz\u0119stochowskiej im.\nBronis\u0142awa Hubermana<\/li><\/ul><\/li><\/ul>\n\n\n\n<p><strong>Program\nimprezy:<\/strong><\/p>\n\n\n\n<ul class=\"wp-block-list\"><li>Wr\u0119czenie wyr\u00f3\u017cnie\u0144 <strong>\u201ePROMOTOR CZ\u0118STOCHOWY\u201d<\/strong> w kategoriach: kultura, media i biznes.\nNagrody zostan\u0105 wr\u0119czone w dziedzinie kultury za osi\u0105gni\u0119cia w tw\u00f3rczo\u015bci\nartystycznej, upowszechniania i ochrony d\u00f3br kultury w kategoriach: literatura\ni historia, teatr i film, muzyka i taniec,&nbsp; sztuki plastyczne oraz\npromocja i ochrona kultury.<\/li><li>Wr\u0119czenie nagr\u00f3d w konkursach:<\/li><\/ul>\n\n\n\n<p>&nbsp;&nbsp;&nbsp;&nbsp;&nbsp;&nbsp;&nbsp;&nbsp; \u201eNaj\u0142adniejsza dzia\u0142ka ROD\nw Cz\u0119stochowie 2020\u201d<br>\n&nbsp;&nbsp;&nbsp;&nbsp;&nbsp;&nbsp;&nbsp;&nbsp; \u201eNaj\u0142adniej ukwiecony balkon\n2020\u201d<\/p>\n\n\n\n<ul class=\"wp-block-list\"><li>Koncert \u201eOd Broadway&#8217;u do Buenos Aires\u201d w wykonaniu\nOrkiestry Filharmonii Cz\u0119stochowskiej pod dyrekcj\u0105 Adama Klocka<\/li><\/ul>\n\n\n\n<p><em>Z uwagi na trwaj\u0105cy w Polsce stan epidemii udzia\u0142 w imprezie wezm\u0105 wy\u0142\u0105cznie zaproszeni\u00a0 go\u015bcie.<br> Uczestnik\u00f3w wydarzenia bezwzgl\u0119dnie dotyczy\u0107 b\u0119dzie obowi\u0105zek zakrywania ust i nosa oraz dezynfekcji d\u0142oni przy wej\u015bciu do budynku. Przed wej\u015bciem do obiektu ka\u017cdy uczestnik b\u0119dzie mia\u0142 zmierzon\u0105 temperatur\u0119 za pomoc\u0105 bezdotykowego termometru. Osoby z objawami chorobowymi i\/lub podwy\u017cszon\u0105 temperatur\u0105, powy\u017cej 37,5 stopni nie b\u0119d\u0105 wpuszczone do Filharmonii.<\/em><\/p>\n\n\n\n<p>(Fot: UM Cz\u0119stochowa, ubieg\u0142oroczne obchody Dni Cz\u0119stochowy) <\/p>\n","protected":false},"excerpt":{"rendered":"<p>To ju\u017c 28 Dni Cz\u0119stochowy. W tym roku zaczn\u0105 si\u0119 uroczystym koncertem w Filharmonii Cz\u0119stochowskiej im. Bronis\u0142awa Hubermana. Organizatorem obchod\u00f3w s\u0105 Urz\u0105d Miasta Cz\u0119stochowy,<\/p>\n","protected":false},"author":12,"featured_media":19616,"comment_status":"open","ping_status":"open","sticky":false,"template":"","format":"standard","meta":{"_monsterinsights_skip_tracking":false,"_monsterinsights_sitenote_active":false,"_monsterinsights_sitenote_note":"","_monsterinsights_sitenote_category":0,"_uf_show_specific_survey":0,"_uf_disable_surveys":false,"footnotes":""},"categories":[12,3,94,2,13],"tags":[],"class_list":["post-19613","post","type-post","status-publish","format-standard","has-post-thumbnail","hentry","category-kultura-i-rozrywka","category-czestochowa-informacje","category-polecane","category-wiadomosci","category-wydarzenia"],"_links":{"self":[{"href":"https:\/\/gazetaregionalna.com\/index.php?rest_route=\/wp\/v2\/posts\/19613","targetHints":{"allow":["GET"]}}],"collection":[{"href":"https:\/\/gazetaregionalna.com\/index.php?rest_route=\/wp\/v2\/posts"}],"about":[{"href":"https:\/\/gazetaregionalna.com\/index.php?rest_route=\/wp\/v2\/types\/post"}],"author":[{"embeddable":true,"href":"https:\/\/gazetaregionalna.com\/index.php?rest_route=\/wp\/v2\/users\/12"}],"replies":[{"embeddable":true,"href":"https:\/\/gazetaregionalna.com\/index.php?rest_route=%2Fwp%2Fv2%2Fcomments&post=19613"}],"version-history":[{"count":2,"href":"https:\/\/gazetaregionalna.com\/index.php?rest_route=\/wp\/v2\/posts\/19613\/revisions"}],"predecessor-version":[{"id":19617,"href":"https:\/\/gazetaregionalna.com\/index.php?rest_route=\/wp\/v2\/posts\/19613\/revisions\/19617"}],"wp:featuredmedia":[{"embeddable":true,"href":"https:\/\/gazetaregionalna.com\/index.php?rest_route=\/wp\/v2\/media\/19616"}],"wp:attachment":[{"href":"https:\/\/gazetaregionalna.com\/index.php?rest_route=%2Fwp%2Fv2%2Fmedia&parent=19613"}],"wp:term":[{"taxonomy":"category","embeddable":true,"href":"https:\/\/gazetaregionalna.com\/index.php?rest_route=%2Fwp%2Fv2%2Fcategories&post=19613"},{"taxonomy":"post_tag","embeddable":true,"href":"https:\/\/gazetaregionalna.com\/index.php?rest_route=%2Fwp%2Fv2%2Ftags&post=19613"}],"curies":[{"name":"wp","href":"https:\/\/api.w.org\/{rel}","templated":true}]}}