{"id":196,"date":"2018-08-25T11:20:53","date_gmt":"2018-08-25T11:20:53","guid":{"rendered":"http:\/\/gazetaregionalna.com\/?p=196"},"modified":"2018-08-25T11:28:21","modified_gmt":"2018-08-25T11:28:21","slug":"drugi-dzien-26-dni-czestochowy-za-nami-wczoraj-za-petla-tramwajowa-na-polnocy-zagrali-m-in-urszula-i-natalia-szroeder-mimo-zmiennej-pogody-publicznosc-dopisala","status":"publish","type":"post","link":"https:\/\/gazetaregionalna.com\/?p=196","title":{"rendered":"Drugi dzie\u0144 26.Dni Cz\u0119stochowy za nami. Wczoraj za p\u0119tla tramwajow\u0105 na P\u00f3\u0142nocy, zagrali m.in Urszula i Natalia Szroeder. Mimo zmiennej pogody publiczno\u015b\u0107 dopisa\u0142a."},"content":{"rendered":"<p>&nbsp;<\/p>\n<p><span style=\"font-family: Arial, sans-serif;\"><span style=\"font-size: medium;\">W ramach cyklicznej imprezy \u201eLato na Maxxxa \u201e koncerty przyci\u0105gaj\u0105 t\u0142umy fan\u00f3w. Wczoraj nie by\u0142o inaczej. Publiczno\u015b\u0107 licznie stawi\u0142a si\u0119 na wszystkie koncerty. Na pocz\u0105tku zagra\u0142 Rudnik \u2013 reprezentant m\u0142odego pokolenia hip-hopu, jeden z za\u0142o\u017cycieli zespo\u0142u Najlepszy Przekaz w Mie\u015bcie. Wczoraj prezentowa\u0142 utwory ze swojej solowej p\u0142yty. Nast\u0119pnie na scenie zagra\u0142a m\u0142oda gwiazda polskiej muzyki Natalia Szroeder. Jej piosenki wraz z ni\u0105 \u015bpiewali najwierniejsze fanki. Sama wokalistka zapewnia\u0142a ze sceny, ze lubi wraca\u0107 do Cz\u0119stochowy bo czuje si\u0119 tu jak u siebie. Przed ostatnim z zaplanowanych na ten dzie\u0144 koncert\u00f3w co prawda spad\u0142 deszcz jale t\u0142um wiernych fan\u00f3w Urszuli, kt\u00f3ra w\u0142a\u015bnie wchodzi\u0142a na scen\u0119 nie da\u0142 si\u0119 przegoni\u0107.<\/span><\/span><\/p>\n<p>&nbsp;<\/p>\n<p><span style=\"font-family: Arial, sans-serif;\"><span style=\"font-size: medium;\">Na dzisiejszy dzie\u0144 zaplanowano kolejna porcje kulturalnych wydarze\u0144. Targ staroci przy Wielu\u0144skim rynku potrwa do godz. 15:00 a punktualnie o 16:00 mo\u017cemy ogl\u0105da\u0107 wernisa\u017c 10. Mi\u0119dzynarodowego Biennale Miniatury w O\u015brodku Promocji Kultury \u201eGaude Mater\u201d, a tak\u017ce VIII rund\u0119 Mistrzostw Polski Pojazd\u00f3w Zabytkowych .W Amfiteatrze przy Promenadzie Niemena i Okr\u0119gowe Dni Dzia\u0142kowca. Na scenie zobaczymy Dzieci\u0119co-M\u0142odzie\u017cow\u0105 Rewi\u0119 \u201eAkcent\u201d, poznamy laureat\u00f3w konkurs\u00f3w na naj\u0142adniejszy ogr\u00f3dek dzia\u0142kowy roku i naj\u0142adniej ukwiecony balkon, a o godz. 20.00 wr\u0119czone zostan\u0105 Nagrody Miasta Cz\u0119stochowy w Dziedzinie Kultury oraz wyr\u00f3\u017cnienie ,,Mecenas Kultury\u201d.W Amfiteatrze Zagraj\u0105: Apress Band Cz\u0119stochowa, M\u0142odzie\u017cowa Orkiestra D\u0119ta Cz\u0119stochowa oraz Orkiestra Symfoniczna Filharmonii Cz\u0119stochowskiej z zespo\u0142em Di Galitzyaner Klezmorim.<\/span><\/span><\/p>\n<p>[post_gallery]<\/p>\n","protected":false},"excerpt":{"rendered":"<p>&nbsp; W ramach cyklicznej imprezy \u201eLato na Maxxxa \u201e koncerty przyci\u0105gaj\u0105 t\u0142umy fan\u00f3w. Wczoraj nie by\u0142o inaczej. Publiczno\u015b\u0107 licznie stawi\u0142a si\u0119 na wszystkie koncerty.<\/p>\n","protected":false},"author":3,"featured_media":0,"comment_status":"open","ping_status":"closed","sticky":false,"template":"","format":"gallery","meta":{"_monsterinsights_skip_tracking":false,"_monsterinsights_sitenote_active":false,"_monsterinsights_sitenote_note":"","_monsterinsights_sitenote_category":0,"_uf_show_specific_survey":0,"_uf_disable_surveys":false,"footnotes":""},"categories":[3,12,13],"tags":[],"class_list":["post-196","post","type-post","status-publish","format-gallery","hentry","category-czestochowa-informacje","category-kultura-i-rozrywka","category-wydarzenia","post_format-post-format-gallery"],"_links":{"self":[{"href":"https:\/\/gazetaregionalna.com\/index.php?rest_route=\/wp\/v2\/posts\/196","targetHints":{"allow":["GET"]}}],"collection":[{"href":"https:\/\/gazetaregionalna.com\/index.php?rest_route=\/wp\/v2\/posts"}],"about":[{"href":"https:\/\/gazetaregionalna.com\/index.php?rest_route=\/wp\/v2\/types\/post"}],"author":[{"embeddable":true,"href":"https:\/\/gazetaregionalna.com\/index.php?rest_route=\/wp\/v2\/users\/3"}],"replies":[{"embeddable":true,"href":"https:\/\/gazetaregionalna.com\/index.php?rest_route=%2Fwp%2Fv2%2Fcomments&post=196"}],"version-history":[{"count":12,"href":"https:\/\/gazetaregionalna.com\/index.php?rest_route=\/wp\/v2\/posts\/196\/revisions"}],"predecessor-version":[{"id":250,"href":"https:\/\/gazetaregionalna.com\/index.php?rest_route=\/wp\/v2\/posts\/196\/revisions\/250"}],"wp:attachment":[{"href":"https:\/\/gazetaregionalna.com\/index.php?rest_route=%2Fwp%2Fv2%2Fmedia&parent=196"}],"wp:term":[{"taxonomy":"category","embeddable":true,"href":"https:\/\/gazetaregionalna.com\/index.php?rest_route=%2Fwp%2Fv2%2Fcategories&post=196"},{"taxonomy":"post_tag","embeddable":true,"href":"https:\/\/gazetaregionalna.com\/index.php?rest_route=%2Fwp%2Fv2%2Ftags&post=196"}],"curies":[{"name":"wp","href":"https:\/\/api.w.org\/{rel}","templated":true}]}}