{"id":19527,"date":"2020-08-25T10:56:04","date_gmt":"2020-08-25T10:56:04","guid":{"rendered":"https:\/\/gazetaregionalna.com\/?p=19527"},"modified":"2020-08-25T10:56:07","modified_gmt":"2020-08-25T10:56:07","slug":"eltrox-wlokniarz-32","status":"publish","type":"post","link":"https:\/\/gazetaregionalna.com\/?p=19527","title":{"rendered":"Eltrox W\u0142\u00f3kniarz ma ju\u017c nowego trenera. To Piotr \u015awiderski"},"content":{"rendered":"\n<p>Eltrox W\u0142\u00f3kniarz szybko znalaz\u0142 nowego trenera. Od wtorku szkoleniowcem cz\u0119stochowskich Lw\u00f3w b\u0119dzie Piotr \u015awiderski. <\/p>\n\n\n\n<p>W ostatni pi\u0105tek wypowiedzenie w klubie z\u0142o\u017cy\u0142 dotychczasowy szkoleniowiec Marek Cie\u015blak. Dzia\u0142acze Eltrox W\u0142\u00f3kniarza z prezesem Micha\u0142em \u015awi\u0105cikiem na czele szybko znale\u017ali nowego trenera. B\u0119dzie nim Piotr \u015awiderski. <\/p>\n\n\n\n<p>Debiut nowego szkoleniowca ma nast\u0105pi\u0107 w Lublinie. <\/p>\n\n\n\n<p>Foto: Eltrox W\u0142\u00f3kniarz Cz\u0119stochowa (www.wlokniarz.com)<\/p>\n","protected":false},"excerpt":{"rendered":"<p>Eltrox W\u0142\u00f3kniarz szybko znalaz\u0142 nowego trenera. Od wtorku szkoleniowcem cz\u0119stochowskich Lw\u00f3w b\u0119dzie Piotr \u015awiderski. W ostatni pi\u0105tek wypowiedzenie w klubie z\u0142o\u017cy\u0142 dotychczasowy szkoleniowiec Marek<\/p>\n","protected":false},"author":15,"featured_media":19529,"comment_status":"open","ping_status":"open","sticky":false,"template":"","format":"standard","meta":{"_monsterinsights_skip_tracking":false,"_monsterinsights_sitenote_active":false,"_monsterinsights_sitenote_note":"","_monsterinsights_sitenote_category":0,"_uf_show_specific_survey":0,"_uf_disable_surveys":false,"footnotes":""},"categories":[5,3,2,7],"tags":[313],"class_list":["post-19527","post","type-post","status-publish","format-standard","has-post-thumbnail","hentry","category-sport","category-czestochowa-informacje","category-wiadomosci","category-zuzel","tag-eltrox-wlokniarz-czestochowa"],"_links":{"self":[{"href":"https:\/\/gazetaregionalna.com\/index.php?rest_route=\/wp\/v2\/posts\/19527","targetHints":{"allow":["GET"]}}],"collection":[{"href":"https:\/\/gazetaregionalna.com\/index.php?rest_route=\/wp\/v2\/posts"}],"about":[{"href":"https:\/\/gazetaregionalna.com\/index.php?rest_route=\/wp\/v2\/types\/post"}],"author":[{"embeddable":true,"href":"https:\/\/gazetaregionalna.com\/index.php?rest_route=\/wp\/v2\/users\/15"}],"replies":[{"embeddable":true,"href":"https:\/\/gazetaregionalna.com\/index.php?rest_route=%2Fwp%2Fv2%2Fcomments&post=19527"}],"version-history":[{"count":2,"href":"https:\/\/gazetaregionalna.com\/index.php?rest_route=\/wp\/v2\/posts\/19527\/revisions"}],"predecessor-version":[{"id":19530,"href":"https:\/\/gazetaregionalna.com\/index.php?rest_route=\/wp\/v2\/posts\/19527\/revisions\/19530"}],"wp:featuredmedia":[{"embeddable":true,"href":"https:\/\/gazetaregionalna.com\/index.php?rest_route=\/wp\/v2\/media\/19529"}],"wp:attachment":[{"href":"https:\/\/gazetaregionalna.com\/index.php?rest_route=%2Fwp%2Fv2%2Fmedia&parent=19527"}],"wp:term":[{"taxonomy":"category","embeddable":true,"href":"https:\/\/gazetaregionalna.com\/index.php?rest_route=%2Fwp%2Fv2%2Fcategories&post=19527"},{"taxonomy":"post_tag","embeddable":true,"href":"https:\/\/gazetaregionalna.com\/index.php?rest_route=%2Fwp%2Fv2%2Ftags&post=19527"}],"curies":[{"name":"wp","href":"https:\/\/api.w.org\/{rel}","templated":true}]}}