{"id":19520,"date":"2020-08-25T09:50:23","date_gmt":"2020-08-25T09:50:23","guid":{"rendered":"https:\/\/gazetaregionalna.com\/?p=19520"},"modified":"2020-08-25T09:50:25","modified_gmt":"2020-08-25T09:50:25","slug":"o-przerwie-w-dostawie-cieplej-wody","status":"publish","type":"post","link":"https:\/\/gazetaregionalna.com\/?p=19520","title":{"rendered":"PGK w Radomsku informuje o przerwie w dostawie ciep\u0142ej wody"},"content":{"rendered":"\n<h2 class=\"wp-block-heading\">Przedsi\u0119biorstwo Gospodarki&nbsp; Komunalnej w Radomsku informuje o\nprzerwie w dostawie ciep\u0142ej wody.<\/h2>\n\n\n\n<p>W zwi\u0105zku z budow\u0105 kompleksu basen\u00f3w i potrzeb\u0105 pod\u0142\u0105czenia ich do sieci ciep\u0142owniczej w dniu <strong>27 sierpnia br<\/strong>. od godziny <strong>7:00<\/strong> do godzin wieczornych nast\u0105pi przerwa w dostawie ciep\u0142ej wody.<\/p>\n\n\n\n<p>Przerwa w dostawie wody dotyczy:<\/p>\n\n\n\n<ul class=\"wp-block-list\"><li>&nbsp;ul. Jagiello\u0144ska&nbsp; 26, 28, 30, 32, 34;<\/li><li>&nbsp;ul. \u015awi\u0119tej Jadwigi 4, 6, 8, 10, 12, 14, 16 20.<\/li><\/ul>\n\n\n\n<p>&nbsp;PGK przeprasza za utrudnienia. <\/p>\n","protected":false},"excerpt":{"rendered":"<p>Przedsi\u0119biorstwo Gospodarki&nbsp; Komunalnej w Radomsku informuje o przerwie w dostawie ciep\u0142ej wody. W zwi\u0105zku z budow\u0105 kompleksu basen\u00f3w i potrzeb\u0105 pod\u0142\u0105czenia ich do sieci<\/p>\n","protected":false},"author":12,"featured_media":17958,"comment_status":"open","ping_status":"open","sticky":false,"template":"","format":"standard","meta":{"_monsterinsights_skip_tracking":false,"_monsterinsights_sitenote_active":false,"_monsterinsights_sitenote_note":"","_monsterinsights_sitenote_category":0,"_uf_show_specific_survey":0,"_uf_disable_surveys":false,"footnotes":""},"categories":[94,28,2],"tags":[],"class_list":["post-19520","post","type-post","status-publish","format-standard","has-post-thumbnail","hentry","category-polecane","category-radomsko","category-wiadomosci"],"_links":{"self":[{"href":"https:\/\/gazetaregionalna.com\/index.php?rest_route=\/wp\/v2\/posts\/19520","targetHints":{"allow":["GET"]}}],"collection":[{"href":"https:\/\/gazetaregionalna.com\/index.php?rest_route=\/wp\/v2\/posts"}],"about":[{"href":"https:\/\/gazetaregionalna.com\/index.php?rest_route=\/wp\/v2\/types\/post"}],"author":[{"embeddable":true,"href":"https:\/\/gazetaregionalna.com\/index.php?rest_route=\/wp\/v2\/users\/12"}],"replies":[{"embeddable":true,"href":"https:\/\/gazetaregionalna.com\/index.php?rest_route=%2Fwp%2Fv2%2Fcomments&post=19520"}],"version-history":[{"count":1,"href":"https:\/\/gazetaregionalna.com\/index.php?rest_route=\/wp\/v2\/posts\/19520\/revisions"}],"predecessor-version":[{"id":19521,"href":"https:\/\/gazetaregionalna.com\/index.php?rest_route=\/wp\/v2\/posts\/19520\/revisions\/19521"}],"wp:featuredmedia":[{"embeddable":true,"href":"https:\/\/gazetaregionalna.com\/index.php?rest_route=\/wp\/v2\/media\/17958"}],"wp:attachment":[{"href":"https:\/\/gazetaregionalna.com\/index.php?rest_route=%2Fwp%2Fv2%2Fmedia&parent=19520"}],"wp:term":[{"taxonomy":"category","embeddable":true,"href":"https:\/\/gazetaregionalna.com\/index.php?rest_route=%2Fwp%2Fv2%2Fcategories&post=19520"},{"taxonomy":"post_tag","embeddable":true,"href":"https:\/\/gazetaregionalna.com\/index.php?rest_route=%2Fwp%2Fv2%2Ftags&post=19520"}],"curies":[{"name":"wp","href":"https:\/\/api.w.org\/{rel}","templated":true}]}}