{"id":19471,"date":"2020-08-25T06:48:00","date_gmt":"2020-08-25T06:48:00","guid":{"rendered":"https:\/\/gazetaregionalna.com\/?p=19471"},"modified":"2020-08-25T06:48:01","modified_gmt":"2020-08-25T06:48:01","slug":"w-czestochowie-szykuja-sie-do-nowego-roku-szkolnego-w-dobie-koronawirusa","status":"publish","type":"post","link":"https:\/\/gazetaregionalna.com\/?p=19471","title":{"rendered":"W Cz\u0119stochowie szykuj\u0105 si\u0119 do nowego roku szkolnego w dobie koronawirusa"},"content":{"rendered":"\n<h2 class=\"wp-block-heading\"> W Cz\u0119stochowie szykuj\u0105 si\u0119 do nowego roku szkolnego w dobie koronawirusa. <\/h2>\n\n\n\n<figure class=\"wp-block-image size-large\"><img decoding=\"async\" width=\"1024\" height=\"685\" data-src=\"https:\/\/gazetaregionalna.com\/wp-content\/uploads\/2020\/08\/school-2934975_1920-1024x685.jpg\" alt=\"\" class=\"wp-image-19474 lazyload\" data-srcset=\"https:\/\/gazetaregionalna.com\/wp-content\/uploads\/2020\/08\/school-2934975_1920-1024x685.jpg 1024w, https:\/\/gazetaregionalna.com\/wp-content\/uploads\/2020\/08\/school-2934975_1920-300x201.jpg 300w, https:\/\/gazetaregionalna.com\/wp-content\/uploads\/2020\/08\/school-2934975_1920-768x514.jpg 768w, https:\/\/gazetaregionalna.com\/wp-content\/uploads\/2020\/08\/school-2934975_1920-1536x1028.jpg 1536w, https:\/\/gazetaregionalna.com\/wp-content\/uploads\/2020\/08\/school-2934975_1920-696x466.jpg 696w, https:\/\/gazetaregionalna.com\/wp-content\/uploads\/2020\/08\/school-2934975_1920-1068x715.jpg 1068w, https:\/\/gazetaregionalna.com\/wp-content\/uploads\/2020\/08\/school-2934975_1920-628x420.jpg 628w, https:\/\/gazetaregionalna.com\/wp-content\/uploads\/2020\/08\/school-2934975_1920.jpg 1200w\" data-sizes=\"(max-width: 1024px) 100vw, 1024px\" src=\"data:image\/svg+xml;base64,PHN2ZyB3aWR0aD0iMSIgaGVpZ2h0PSIxIiB4bWxucz0iaHR0cDovL3d3dy53My5vcmcvMjAwMC9zdmciPjwvc3ZnPg==\" style=\"--smush-placeholder-width: 1024px; --smush-placeholder-aspect-ratio: 1024\/685;\" \/><\/figure>\n\n\n\n<p>  Dyrektorzy szk\u00f3\u0142 przygotowuj\u0105 si\u0119 na 1 wrze\u015bnia i staraj\u0105 si\u0119 tak zorganizowa\u0107 prac\u0119 plac\u00f3wek o\u015bwiatowych, aby zar\u00f3wno dzieci, jak i nauczyciele czuli si\u0119 w nich bezpiecznie.<br> To nie b\u0119dzie normalna inauguracja nowego roku szkolnego, bo i czasy mamy nadzwyczajne.<br> Organizacja nauki w szko\u0142ach odbywa\u0107 si\u0119 musi z przestrzeganiem wytycznych Ministerstwa Edukacji Narodowej i G\u0142\u00f3wnego Inspektora Sanitarnego.<br> Wykazy te zawieraj\u0105 og\u00f3lne i szczeg\u00f3\u0142owe zalecenia zwi\u0105zane m.in. z: organizacj\u0105 zaj\u0119\u0107 w szkole, wydawaniem posi\u0142k\u00f3w, higien\u0105, czyszczeniem, dezynfekcj\u0105 pomieszcze\u0144 i powierzchni, a tak\u017ce okre\u015blaj\u0105 post\u0119powanie w przypadku podejrzenia zaka\u017cenia u uczni\u00f3w i pracownik\u00f3w szko\u0142y.<\/p>\n\n\n\n<p><br> Najwa\u017cniejsza z wytycznych bezwzgl\u0119dnego przestrzegania podstawowych zasad higieny, a wi\u0119c cz\u0119stego mycia r\u0105k, zas\u0142aniania ust i nosa podczas kichania i kaszlu, unikania dotykania oczu, nosa i ust. W szko\u0142ach obowi\u0105zywa\u0107 ma r\u00f3wnie\u017c obowi\u0105zkowe zakrywanie ust i nosa przez osoby trzecie przychodz\u0105ce do szko\u0142y lub plac\u00f3wki. Dyrektorzy szk\u00f3\u0142 musz\u0105 r\u00f3wnie\u017c zadba\u0107 o regularne czyszczenie i wietrzenie pomieszcze\u0144. Tam, gdzie tylko to mo\u017cliwe, nauka ma by\u0107 tak zorganizowana, aby uczniowie kontaktowali si\u0119 pomi\u0119dzy sob\u0105 jak najrzadziej, a wszystkie przebywaj\u0105ce w szkole osoby mog\u0142y zachowa\u0107 bezpieczny dystans.<br> O tym, jak w praktyce wygl\u0105daj\u0105 przygotowania na 1 wrze\u015bnia w szko\u0142ach i plac\u00f3wkach o\u015bwiatowych podleg\u0142ych miastu, meldunki na bie\u017c\u0105co zbiera Wydzia\u0142 Edukacji Urz\u0119du Miasta Cz\u0119stochowy.<\/p>\n\n\n\n<p><br> &#8211; <em>Analizuje on informacje ze szk\u00f3\u0142, jakie docieraj\u0105 do urz\u0119du w odpowiedzi na kolejne pismo zast\u0119pcy prezydenta Ryszarda Stefaniaka <\/em>\u2013 informuje rzecznik prasowy UM W\u0142odzimierz Tutaj. &#8211; <em>W tych informacjach maj\u0105 by\u0107 zawarte zg\u0142oszenia dotycz\u0105ce potencjalnych problem\u00f3w przed rozpocz\u0119ciem roku szkolnego, w tym ewentualne wnioski dotycz\u0105ce konieczno\u015bci wprowadzenia zmianowo\u015bci w szkole.<br> Na chwil\u0119 obecn\u0105 szko\u0142y w Cz\u0119stochowie maj\u0105 wystartowa\u0107 normalnie \u2014 w trybie stacjonarnym, zgodnie z decyzjami MEN.<\/em><br> <br> Nawet je\u015bli gdzie\u015b pojawi\u0142yby si\u0119 powa\u017cne problemy lub postulaty pedagog\u00f3w czy te\u017c rodzic\u00f3w, samorz\u0105d nie ma prawa decydowa\u0107 o p\u00f3\u017aniejszym rozpocz\u0119ciu roku szkolnego. Decyzja ta pozostaje w gestii rz\u0105du, a ten zapowiada, \u017ce nauka w szko\u0142ach wystartuje jak zawsze 1 wrze\u015bnia.<\/p>\n\n\n\n<p><br> &#8211; <em>Oczywi\u015bcie, gdyby w trakcie roku wyst\u0105pi\u0142y w danej szkole jakie\u015b epidemiczne problemy, decyzj\u0119 o ewentualnej zmianie trybu pracy szko\u0142y mo\u017ce podj\u0105\u0107 dyrekcja jednostki\u00a0,\u00a0w uzgodnieniu z Sanepidem i organem prowadz\u0105cym <\/em>&#8211;\u00a0zastrzega\u00a0rzecznik prasowy cz\u0119stochowskiego magistratu.<br> <br> <\/p>\n","protected":false},"excerpt":{"rendered":"<p>W Cz\u0119stochowie szykuj\u0105 si\u0119 do nowego roku szkolnego w dobie koronawirusa. Dyrektorzy szk\u00f3\u0142 przygotowuj\u0105 si\u0119 na 1 wrze\u015bnia i staraj\u0105 si\u0119 tak zorganizowa\u0107 prac\u0119<\/p>\n","protected":false},"author":7,"featured_media":19475,"comment_status":"open","ping_status":"open","sticky":false,"template":"","format":"standard","meta":{"_monsterinsights_skip_tracking":false,"_monsterinsights_sitenote_active":false,"_monsterinsights_sitenote_note":"","_monsterinsights_sitenote_category":0,"_uf_show_specific_survey":0,"_uf_disable_surveys":false,"footnotes":""},"categories":[41,3,94,2],"tags":[],"class_list":["post-19471","post","type-post","status-publish","format-standard","has-post-thumbnail","hentry","category-edukacja","category-czestochowa-informacje","category-polecane","category-wiadomosci"],"_links":{"self":[{"href":"https:\/\/gazetaregionalna.com\/index.php?rest_route=\/wp\/v2\/posts\/19471","targetHints":{"allow":["GET"]}}],"collection":[{"href":"https:\/\/gazetaregionalna.com\/index.php?rest_route=\/wp\/v2\/posts"}],"about":[{"href":"https:\/\/gazetaregionalna.com\/index.php?rest_route=\/wp\/v2\/types\/post"}],"author":[{"embeddable":true,"href":"https:\/\/gazetaregionalna.com\/index.php?rest_route=\/wp\/v2\/users\/7"}],"replies":[{"embeddable":true,"href":"https:\/\/gazetaregionalna.com\/index.php?rest_route=%2Fwp%2Fv2%2Fcomments&post=19471"}],"version-history":[{"count":3,"href":"https:\/\/gazetaregionalna.com\/index.php?rest_route=\/wp\/v2\/posts\/19471\/revisions"}],"predecessor-version":[{"id":19476,"href":"https:\/\/gazetaregionalna.com\/index.php?rest_route=\/wp\/v2\/posts\/19471\/revisions\/19476"}],"wp:featuredmedia":[{"embeddable":true,"href":"https:\/\/gazetaregionalna.com\/index.php?rest_route=\/wp\/v2\/media\/19475"}],"wp:attachment":[{"href":"https:\/\/gazetaregionalna.com\/index.php?rest_route=%2Fwp%2Fv2%2Fmedia&parent=19471"}],"wp:term":[{"taxonomy":"category","embeddable":true,"href":"https:\/\/gazetaregionalna.com\/index.php?rest_route=%2Fwp%2Fv2%2Fcategories&post=19471"},{"taxonomy":"post_tag","embeddable":true,"href":"https:\/\/gazetaregionalna.com\/index.php?rest_route=%2Fwp%2Fv2%2Ftags&post=19471"}],"curies":[{"name":"wp","href":"https:\/\/api.w.org\/{rel}","templated":true}]}}